{"id":1788,"date":"2022-07-17T20:24:32","date_gmt":"2022-07-17T18:24:32","guid":{"rendered":"https:\/\/coletteartsetmatieres.com\/?p=1788"},"modified":"2022-07-17T20:35:35","modified_gmt":"2022-07-17T18:35:35","slug":"corso-fleuri-pour-ville-damboise","status":"publish","type":"post","link":"https:\/\/coletteartsetmatieres.com\/index.php\/2022\/07\/17\/corso-fleuri-pour-ville-damboise\/","title":{"rendered":"Corso Fleuri pour ville d&rsquo;Amboise"},"content":{"rendered":"\n<figure class=\"wp-block-image size-large is-resized\"><img loading=\"lazy\" decoding=\"async\" src=\"https:\/\/coletteartsetmatieres.com\/wp-content\/uploads\/2022\/05\/IMG_13741-1024x1024.jpg\" alt=\"amboise rayonnante, ville d'amboise fleurs amboise, composition florale\" class=\"wp-image-1721\" width=\"768\" height=\"768\" srcset=\"https:\/\/coletteartsetmatieres.com\/wp-content\/uploads\/2022\/05\/IMG_13741-1024x1024.jpg 1024w, https:\/\/coletteartsetmatieres.com\/wp-content\/uploads\/2022\/05\/IMG_13741-300x300.jpg 300w, https:\/\/coletteartsetmatieres.com\/wp-content\/uploads\/2022\/05\/IMG_13741-150x150.jpg 150w, https:\/\/coletteartsetmatieres.com\/wp-content\/uploads\/2022\/05\/IMG_13741-768x768.jpg 768w, https:\/\/coletteartsetmatieres.com\/wp-content\/uploads\/2022\/05\/IMG_13741-500x500.jpg 500w, https:\/\/coletteartsetmatieres.com\/wp-content\/uploads\/2022\/05\/IMG_13741-800x800.jpg 800w, https:\/\/coletteartsetmatieres.com\/wp-content\/uploads\/2022\/05\/IMG_13741-1280x1280.jpg 1280w, https:\/\/coletteartsetmatieres.com\/wp-content\/uploads\/2022\/05\/IMG_13741-1920x1920.jpg 1920w, https:\/\/coletteartsetmatieres.com\/wp-content\/uploads\/2022\/05\/IMG_13741-1536x1536.jpg 1536w, https:\/\/coletteartsetmatieres.com\/wp-content\/uploads\/2022\/05\/IMG_13741-2048x2048.jpg 2048w, https:\/\/coletteartsetmatieres.com\/wp-content\/uploads\/2022\/05\/IMG_13741-100x100.jpg 100w, https:\/\/coletteartsetmatieres.com\/wp-content\/uploads\/2022\/05\/IMG_13741-250x250.jpg 250w, https:\/\/coletteartsetmatieres.com\/wp-content\/uploads\/2022\/05\/IMG_13741-350x350.jpg 350w\" sizes=\"(max-width: 767px) 89vw, (max-width: 1000px) 54vw, (max-width: 1071px) 543px, 580px\" \/><figcaption>corso fleuri , d\u00e9fil\u00e9<\/figcaption><\/figure>\n\n\n\n<figure class=\"wp-block-gallery has-nested-images columns-default is-cropped wp-block-gallery-1 is-layout-flex wp-block-gallery-is-layout-flex\">\n<figure class=\"wp-block-image size-large\"><img loading=\"lazy\" decoding=\"async\" width=\"1920\" height=\"2560\" data-id=\"1723\" src=\"https:\/\/coletteartsetmatieres.com\/wp-content\/uploads\/2022\/05\/IMG_16151-scaled.jpg\" alt=\"corso fleuri amboise, tourisme artisanat local\" class=\"wp-image-1723\" srcset=\"https:\/\/coletteartsetmatieres.com\/wp-content\/uploads\/2022\/05\/IMG_16151-scaled.jpg 1920w, https:\/\/coletteartsetmatieres.com\/wp-content\/uploads\/2022\/05\/IMG_16151-225x300.jpg 225w, https:\/\/coletteartsetmatieres.com\/wp-content\/uploads\/2022\/05\/IMG_16151-768x1024.jpg 768w, https:\/\/coletteartsetmatieres.com\/wp-content\/uploads\/2022\/05\/IMG_16151-500x667.jpg 500w, https:\/\/coletteartsetmatieres.com\/wp-content\/uploads\/2022\/05\/IMG_16151-800x1067.jpg 800w, https:\/\/coletteartsetmatieres.com\/wp-content\/uploads\/2022\/05\/IMG_16151-1280x1707.jpg 1280w, https:\/\/coletteartsetmatieres.com\/wp-content\/uploads\/2022\/05\/IMG_16151-1152x1536.jpg 1152w, https:\/\/coletteartsetmatieres.com\/wp-content\/uploads\/2022\/05\/IMG_16151-1536x2048.jpg 1536w, https:\/\/coletteartsetmatieres.com\/wp-content\/uploads\/2022\/05\/IMG_16151-350x467.jpg 350w\" sizes=\"(max-width: 767px) 89vw, (max-width: 1000px) 54vw, (max-width: 1071px) 543px, 580px\" \/><figcaption>vue arri\u00e8re de v\u00e9lo<\/figcaption><\/figure>\n\n\n\n<figure class=\"wp-block-image size-large\"><img loading=\"lazy\" decoding=\"async\" width=\"1004\" height=\"1024\" data-id=\"1722\" src=\"https:\/\/coletteartsetmatieres.com\/wp-content\/uploads\/2022\/05\/IMG_16201-scaled-e1653992040389-1004x1024.jpg\" alt=\"\" class=\"wp-image-1722\" srcset=\"https:\/\/coletteartsetmatieres.com\/wp-content\/uploads\/2022\/05\/IMG_16201-scaled-e1653992040389-1004x1024.jpg 1004w, https:\/\/coletteartsetmatieres.com\/wp-content\/uploads\/2022\/05\/IMG_16201-scaled-e1653992040389-294x300.jpg 294w, https:\/\/coletteartsetmatieres.com\/wp-content\/uploads\/2022\/05\/IMG_16201-scaled-e1653992040389-768x783.jpg 768w, https:\/\/coletteartsetmatieres.com\/wp-content\/uploads\/2022\/05\/IMG_16201-scaled-e1653992040389-500x510.jpg 500w, https:\/\/coletteartsetmatieres.com\/wp-content\/uploads\/2022\/05\/IMG_16201-scaled-e1653992040389-800x816.jpg 800w, https:\/\/coletteartsetmatieres.com\/wp-content\/uploads\/2022\/05\/IMG_16201-scaled-e1653992040389-1280x1305.jpg 1280w, https:\/\/coletteartsetmatieres.com\/wp-content\/uploads\/2022\/05\/IMG_16201-scaled-e1653992040389-1506x1536.jpg 1506w, https:\/\/coletteartsetmatieres.com\/wp-content\/uploads\/2022\/05\/IMG_16201-scaled-e1653992040389-350x357.jpg 350w, https:\/\/coletteartsetmatieres.com\/wp-content\/uploads\/2022\/05\/IMG_16201-scaled-e1653992040389.jpg 1920w\" sizes=\"(max-width: 767px) 89vw, (max-width: 1000px) 54vw, (max-width: 1071px) 543px, 580px\" \/><figcaption>au retour du d\u00e9fil\u00e9<\/figcaption><\/figure>\n<\/figure>\n\n\n\n<div class=\"wp-block-columns is-layout-flex wp-container-core-columns-layout-1 wp-block-columns-is-layout-flex\">\n<div class=\"wp-block-column is-layout-flow wp-block-column-is-layout-flow\"><\/div>\n<\/div>\n","protected":false},"excerpt":{"rendered":"","protected":false},"author":1,"featured_media":0,"comment_status":"open","ping_status":"open","sticky":false,"template":"","format":"standard","meta":{"footnotes":"","_vp_format_video_url":"","_vp_image_focal_point":[]},"categories":[1],"tags":[],"yoast_head":"<!-- This site is optimized with the Yoast SEO plugin v19.8 - https:\/\/yoast.com\/wordpress\/plugins\/seo\/ -->\n<title>Corso Fleuri pour ville d&#039;Amboise - Colette Arts et Mati\u00e8res.<\/title>\n<meta name=\"robots\" content=\"index, follow, max-snippet:-1, max-image-preview:large, max-video-preview:-1\" \/>\n<link rel=\"canonical\" href=\"https:\/\/coletteartsetmatieres.com\/index.php\/2022\/07\/17\/corso-fleuri-pour-ville-damboise\/\" \/>\n<meta property=\"og:locale\" content=\"fr_FR\" \/>\n<meta property=\"og:type\" content=\"article\" \/>\n<meta property=\"og:title\" content=\"Corso Fleuri pour ville d&#039;Amboise - Colette Arts et Mati\u00e8res.\" \/>\n<meta property=\"og:url\" content=\"https:\/\/coletteartsetmatieres.com\/index.php\/2022\/07\/17\/corso-fleuri-pour-ville-damboise\/\" \/>\n<meta property=\"og:site_name\" content=\"Colette Arts et Mati\u00e8res.\" \/>\n<meta property=\"article:published_time\" content=\"2022-07-17T18:24:32+00:00\" \/>\n<meta property=\"article:modified_time\" content=\"2022-07-17T18:35:35+00:00\" \/>\n<meta property=\"og:image\" content=\"https:\/\/coletteartsetmatieres.com\/wp-content\/uploads\/2022\/05\/IMG_13741-1024x1024.jpg\" \/>\n<meta name=\"author\" content=\"admin1002\" \/>\n<meta name=\"twitter:card\" content=\"summary_large_image\" \/>\n<meta name=\"twitter:label1\" content=\"\u00c9crit par\" \/>\n\t<meta name=\"twitter:data1\" content=\"admin1002\" \/>\n<script type=\"application\/ld+json\" class=\"yoast-schema-graph\">{\"@context\":\"https:\/\/schema.org\",\"@graph\":[{\"@type\":\"Article\",\"@id\":\"https:\/\/coletteartsetmatieres.com\/index.php\/2022\/07\/17\/corso-fleuri-pour-ville-damboise\/#article\",\"isPartOf\":{\"@id\":\"https:\/\/coletteartsetmatieres.com\/index.php\/2022\/07\/17\/corso-fleuri-pour-ville-damboise\/\"},\"author\":{\"name\":\"admin1002\",\"@id\":\"https:\/\/coletteartsetmatieres.com\/#\/schema\/person\/7e0222ac6e14507002eac1cbb27569a0\"},\"headline\":\"Corso Fleuri pour ville d&rsquo;Amboise\",\"datePublished\":\"2022-07-17T18:24:32+00:00\",\"dateModified\":\"2022-07-17T18:35:35+00:00\",\"mainEntityOfPage\":{\"@id\":\"https:\/\/coletteartsetmatieres.com\/index.php\/2022\/07\/17\/corso-fleuri-pour-ville-damboise\/\"},\"wordCount\":20,\"commentCount\":0,\"publisher\":{\"@id\":\"https:\/\/coletteartsetmatieres.com\/#organization\"},\"inLanguage\":\"fr-FR\",\"potentialAction\":[{\"@type\":\"CommentAction\",\"name\":\"Comment\",\"target\":[\"https:\/\/coletteartsetmatieres.com\/index.php\/2022\/07\/17\/corso-fleuri-pour-ville-damboise\/#respond\"]}]},{\"@type\":\"WebPage\",\"@id\":\"https:\/\/coletteartsetmatieres.com\/index.php\/2022\/07\/17\/corso-fleuri-pour-ville-damboise\/\",\"url\":\"https:\/\/coletteartsetmatieres.com\/index.php\/2022\/07\/17\/corso-fleuri-pour-ville-damboise\/\",\"name\":\"Corso Fleuri pour ville d'Amboise - Colette Arts et Mati\u00e8res.\",\"isPartOf\":{\"@id\":\"https:\/\/coletteartsetmatieres.com\/#website\"},\"datePublished\":\"2022-07-17T18:24:32+00:00\",\"dateModified\":\"2022-07-17T18:35:35+00:00\",\"breadcrumb\":{\"@id\":\"https:\/\/coletteartsetmatieres.com\/index.php\/2022\/07\/17\/corso-fleuri-pour-ville-damboise\/#breadcrumb\"},\"inLanguage\":\"fr-FR\",\"potentialAction\":[{\"@type\":\"ReadAction\",\"target\":[\"https:\/\/coletteartsetmatieres.com\/index.php\/2022\/07\/17\/corso-fleuri-pour-ville-damboise\/\"]}]},{\"@type\":\"BreadcrumbList\",\"@id\":\"https:\/\/coletteartsetmatieres.com\/index.php\/2022\/07\/17\/corso-fleuri-pour-ville-damboise\/#breadcrumb\",\"itemListElement\":[{\"@type\":\"ListItem\",\"position\":1,\"name\":\"Accueil\",\"item\":\"https:\/\/coletteartsetmatieres.com\/\"},{\"@type\":\"ListItem\",\"position\":2,\"name\":\"Corso Fleuri pour ville d&rsquo;Amboise\"}]},{\"@type\":\"WebSite\",\"@id\":\"https:\/\/coletteartsetmatieres.com\/#website\",\"url\":\"https:\/\/coletteartsetmatieres.com\/\",\"name\":\"Colette Arts et Mati\u00e8res.\",\"description\":\"   L&#039;Art du V\u00e9g\u00e9tal et de la Fleur stables et durables\",\"publisher\":{\"@id\":\"https:\/\/coletteartsetmatieres.com\/#organization\"},\"potentialAction\":[{\"@type\":\"SearchAction\",\"target\":{\"@type\":\"EntryPoint\",\"urlTemplate\":\"https:\/\/coletteartsetmatieres.com\/?s={search_term_string}\"},\"query-input\":\"required name=search_term_string\"}],\"inLanguage\":\"fr-FR\"},{\"@type\":\"Organization\",\"@id\":\"https:\/\/coletteartsetmatieres.com\/#organization\",\"name\":\"Colette Arts et Mati\u00e8res.\",\"url\":\"https:\/\/coletteartsetmatieres.com\/\",\"sameAs\":[],\"logo\":{\"@type\":\"ImageObject\",\"inLanguage\":\"fr-FR\",\"@id\":\"https:\/\/coletteartsetmatieres.com\/#\/schema\/logo\/image\/\",\"url\":\"https:\/\/coletteartsetmatieres.com\/wp-content\/uploads\/2020\/03\/cropped-Coletteartsetmatieres_logotype-2.png\",\"contentUrl\":\"https:\/\/coletteartsetmatieres.com\/wp-content\/uploads\/2020\/03\/cropped-Coletteartsetmatieres_logotype-2.png\",\"width\":409,\"height\":250,\"caption\":\"    Colette Arts et Mati\u00e8res. \"},\"image\":{\"@id\":\"https:\/\/coletteartsetmatieres.com\/#\/schema\/logo\/image\/\"}},{\"@type\":\"Person\",\"@id\":\"https:\/\/coletteartsetmatieres.com\/#\/schema\/person\/7e0222ac6e14507002eac1cbb27569a0\",\"name\":\"admin1002\",\"image\":{\"@type\":\"ImageObject\",\"inLanguage\":\"fr-FR\",\"@id\":\"https:\/\/coletteartsetmatieres.com\/#\/schema\/person\/image\/\",\"url\":\"https:\/\/secure.gravatar.com\/avatar\/004bba7218d1f0c8ae1ebdea48a2bc0e?s=96&d=mm&r=g\",\"contentUrl\":\"https:\/\/secure.gravatar.com\/avatar\/004bba7218d1f0c8ae1ebdea48a2bc0e?s=96&d=mm&r=g\",\"caption\":\"admin1002\"},\"url\":\"https:\/\/coletteartsetmatieres.com\/index.php\/author\/admin1002\/\"}]}<\/script>\n<!-- \/ Yoast SEO plugin. -->","yoast_head_json":{"title":"Corso Fleuri pour ville d'Amboise - Colette Arts et Mati\u00e8res.","robots":{"index":"index","follow":"follow","max-snippet":"max-snippet:-1","max-image-preview":"max-image-preview:large","max-video-preview":"max-video-preview:-1"},"canonical":"https:\/\/coletteartsetmatieres.com\/index.php\/2022\/07\/17\/corso-fleuri-pour-ville-damboise\/","og_locale":"fr_FR","og_type":"article","og_title":"Corso Fleuri pour ville d'Amboise - Colette Arts et Mati\u00e8res.","og_url":"https:\/\/coletteartsetmatieres.com\/index.php\/2022\/07\/17\/corso-fleuri-pour-ville-damboise\/","og_site_name":"Colette Arts et Mati\u00e8res.","article_published_time":"2022-07-17T18:24:32+00:00","article_modified_time":"2022-07-17T18:35:35+00:00","og_image":[{"url":"https:\/\/coletteartsetmatieres.com\/wp-content\/uploads\/2022\/05\/IMG_13741-1024x1024.jpg"}],"author":"admin1002","twitter_card":"summary_large_image","twitter_misc":{"\u00c9crit par":"admin1002"},"schema":{"@context":"https:\/\/schema.org","@graph":[{"@type":"Article","@id":"https:\/\/coletteartsetmatieres.com\/index.php\/2022\/07\/17\/corso-fleuri-pour-ville-damboise\/#article","isPartOf":{"@id":"https:\/\/coletteartsetmatieres.com\/index.php\/2022\/07\/17\/corso-fleuri-pour-ville-damboise\/"},"author":{"name":"admin1002","@id":"https:\/\/coletteartsetmatieres.com\/#\/schema\/person\/7e0222ac6e14507002eac1cbb27569a0"},"headline":"Corso Fleuri pour ville d&rsquo;Amboise","datePublished":"2022-07-17T18:24:32+00:00","dateModified":"2022-07-17T18:35:35+00:00","mainEntityOfPage":{"@id":"https:\/\/coletteartsetmatieres.com\/index.php\/2022\/07\/17\/corso-fleuri-pour-ville-damboise\/"},"wordCount":20,"commentCount":0,"publisher":{"@id":"https:\/\/coletteartsetmatieres.com\/#organization"},"inLanguage":"fr-FR","potentialAction":[{"@type":"CommentAction","name":"Comment","target":["https:\/\/coletteartsetmatieres.com\/index.php\/2022\/07\/17\/corso-fleuri-pour-ville-damboise\/#respond"]}]},{"@type":"WebPage","@id":"https:\/\/coletteartsetmatieres.com\/index.php\/2022\/07\/17\/corso-fleuri-pour-ville-damboise\/","url":"https:\/\/coletteartsetmatieres.com\/index.php\/2022\/07\/17\/corso-fleuri-pour-ville-damboise\/","name":"Corso Fleuri pour ville d'Amboise - Colette Arts et Mati\u00e8res.","isPartOf":{"@id":"https:\/\/coletteartsetmatieres.com\/#website"},"datePublished":"2022-07-17T18:24:32+00:00","dateModified":"2022-07-17T18:35:35+00:00","breadcrumb":{"@id":"https:\/\/coletteartsetmatieres.com\/index.php\/2022\/07\/17\/corso-fleuri-pour-ville-damboise\/#breadcrumb"},"inLanguage":"fr-FR","potentialAction":[{"@type":"ReadAction","target":["https:\/\/coletteartsetmatieres.com\/index.php\/2022\/07\/17\/corso-fleuri-pour-ville-damboise\/"]}]},{"@type":"BreadcrumbList","@id":"https:\/\/coletteartsetmatieres.com\/index.php\/2022\/07\/17\/corso-fleuri-pour-ville-damboise\/#breadcrumb","itemListElement":[{"@type":"ListItem","position":1,"name":"Accueil","item":"https:\/\/coletteartsetmatieres.com\/"},{"@type":"ListItem","position":2,"name":"Corso Fleuri pour ville d&rsquo;Amboise"}]},{"@type":"WebSite","@id":"https:\/\/coletteartsetmatieres.com\/#website","url":"https:\/\/coletteartsetmatieres.com\/","name":"Colette Arts et Mati\u00e8res.","description":"   L&#039;Art du V\u00e9g\u00e9tal et de la Fleur stables et durables","publisher":{"@id":"https:\/\/coletteartsetmatieres.com\/#organization"},"potentialAction":[{"@type":"SearchAction","target":{"@type":"EntryPoint","urlTemplate":"https:\/\/coletteartsetmatieres.com\/?s={search_term_string}"},"query-input":"required name=search_term_string"}],"inLanguage":"fr-FR"},{"@type":"Organization","@id":"https:\/\/coletteartsetmatieres.com\/#organization","name":"Colette Arts et Mati\u00e8res.","url":"https:\/\/coletteartsetmatieres.com\/","sameAs":[],"logo":{"@type":"ImageObject","inLanguage":"fr-FR","@id":"https:\/\/coletteartsetmatieres.com\/#\/schema\/logo\/image\/","url":"https:\/\/coletteartsetmatieres.com\/wp-content\/uploads\/2020\/03\/cropped-Coletteartsetmatieres_logotype-2.png","contentUrl":"https:\/\/coletteartsetmatieres.com\/wp-content\/uploads\/2020\/03\/cropped-Coletteartsetmatieres_logotype-2.png","width":409,"height":250,"caption":"    Colette Arts et Mati\u00e8res. "},"image":{"@id":"https:\/\/coletteartsetmatieres.com\/#\/schema\/logo\/image\/"}},{"@type":"Person","@id":"https:\/\/coletteartsetmatieres.com\/#\/schema\/person\/7e0222ac6e14507002eac1cbb27569a0","name":"admin1002","image":{"@type":"ImageObject","inLanguage":"fr-FR","@id":"https:\/\/coletteartsetmatieres.com\/#\/schema\/person\/image\/","url":"https:\/\/secure.gravatar.com\/avatar\/004bba7218d1f0c8ae1ebdea48a2bc0e?s=96&d=mm&r=g","contentUrl":"https:\/\/secure.gravatar.com\/avatar\/004bba7218d1f0c8ae1ebdea48a2bc0e?s=96&d=mm&r=g","caption":"admin1002"},"url":"https:\/\/coletteartsetmatieres.com\/index.php\/author\/admin1002\/"}]}},"_links":{"self":[{"href":"https:\/\/coletteartsetmatieres.com\/index.php\/wp-json\/wp\/v2\/posts\/1788"}],"collection":[{"href":"https:\/\/coletteartsetmatieres.com\/index.php\/wp-json\/wp\/v2\/posts"}],"about":[{"href":"https:\/\/coletteartsetmatieres.com\/index.php\/wp-json\/wp\/v2\/types\/post"}],"author":[{"embeddable":true,"href":"https:\/\/coletteartsetmatieres.com\/index.php\/wp-json\/wp\/v2\/users\/1"}],"replies":[{"embeddable":true,"href":"https:\/\/coletteartsetmatieres.com\/index.php\/wp-json\/wp\/v2\/comments?post=1788"}],"version-history":[{"count":2,"href":"https:\/\/coletteartsetmatieres.com\/index.php\/wp-json\/wp\/v2\/posts\/1788\/revisions"}],"predecessor-version":[{"id":1792,"href":"https:\/\/coletteartsetmatieres.com\/index.php\/wp-json\/wp\/v2\/posts\/1788\/revisions\/1792"}],"wp:attachment":[{"href":"https:\/\/coletteartsetmatieres.com\/index.php\/wp-json\/wp\/v2\/media?parent=1788"}],"wp:term":[{"taxonomy":"category","embeddable":true,"href":"https:\/\/coletteartsetmatieres.com\/index.php\/wp-json\/wp\/v2\/categories?post=1788"},{"taxonomy":"post_tag","embeddable":true,"href":"https:\/\/coletteartsetmatieres.com\/index.php\/wp-json\/wp\/v2\/tags?post=1788"}],"curies":[{"name":"wp","href":"https:\/\/api.w.org\/{rel}","templated":true}]}}