{"id":1887,"date":"2022-12-04T15:12:00","date_gmt":"2022-12-04T14:12:00","guid":{"rendered":"https:\/\/coletteartsetmatieres.com\/?p=1887"},"modified":"2023-03-04T15:30:04","modified_gmt":"2023-03-04T14:30:04","slug":"fleurs-stabilisees-rose-eternelle-murs-vegetaux-compositions-florales-tableaux-sculptures-et-murs-vegetalises","status":"publish","type":"post","link":"https:\/\/coletteartsetmatieres.com\/index.php\/2022\/12\/04\/fleurs-stabilisees-rose-eternelle-murs-vegetaux-compositions-florales-tableaux-sculptures-et-murs-vegetalises\/","title":{"rendered":"Ma\u00eetre Artisan Fleuriste, v\u00e9g\u00e9tal stabilis\u00e9"},"content":{"rendered":"\n<figure class=\"wp-block-image size-large\"><img decoding=\"async\" src=\"https:\/\/www.lanouvellerepublique.fr\/amboise\/amboise-la-fleuriste-colette-dubreuil-a-recu-le-titre-de-maitre-artisan\" alt=\"\"\/><\/figure>\n\n\n\n<div class=\"wp-block-columns is-layout-flex wp-container-core-columns-layout-1 wp-block-columns-is-layout-flex\">\n<div class=\"wp-block-column is-layout-flow wp-block-column-is-layout-flow\">\n<p>Samedi 26 novembre 2022 ,<\/p>\n\n\n\n<p>Monsieur Bobier, pr\u00e9sident de la chambre des m\u00e9tiers et de l&rsquo;Artisanat d&rsquo;Indre et Loire,<\/p>\n\n\n\n<p>Madame Jumeau, vice- pr\u00e9sidente de la commission territoriale Touraine Grand-Est,<\/p>\n\n\n\n<p>Monsieur Labaronne, D\u00e9put\u00e9 d&rsquo;Indre et Loire,<\/p>\n\n\n\n<p>Monsieur Boutard, maire d&rsquo;Amboise,<\/p>\n\n\n\n<p>Monsieur Lepoutre, pr\u00e9sident de l&rsquo;UCCVA, union commerciale centre val d&rsquo;amboise,<\/p>\n\n\n\n<p>accompagn\u00e9s de nombreux commer\u00e7ants du quartier ont eu le plaisir et l&rsquo;honneur de remettre le Titre de Ma\u00eetre Artisan \u00e0 Madame Colette Dubreil (Colette Arts et Mati\u00e8res) 82 rue Nationale, 36400 Amboise.<\/p>\n\n\n\n<figure class=\"wp-block-embed\"><div class=\"wp-block-embed__wrapper\">\nhttps:\/\/www.lanouvellerepublique.fr\/amboise\/amboise-la-fleuriste-colette-dubreuil-a-recu-le-titre-de-maitre-artisan\n<\/div><\/figure>\n\n\n\n<p>Colette Dubreil re\u00e7oit avec honneur ce titre et remercie tous ceux et celles qui lui font confiance et l\u00a0\u00bbaccompagnent dans son entreprise.<\/p>\n\n\n\n<p>Colette est fleuriste depuis 1984 en boutique traditionnelle.<\/p>\n\n\n\n<p>Elle se forme au fil des ann\u00e9es en gestion, accompagnement et techniques. Une VAE pour son Brevet professionnel, puis un Brevet de Ma\u00eetrise (CMA) en gestion \u00e9conomique et commerciale, l&rsquo;accompagnement des stagiaires et apprentis luis tiennent \u00e0 coeur.<\/p>\n\n\n\n<p>Une remise en question sur le travail de fleuriste, l&#8217;emm\u00e8ne r\u00e9guli\u00e8rement 3 \u00e0 4 fois par an en stage de perfectionnement aupr\u00e8s de grands Ma\u00eetres en Art floral (Petr Hess, marie Bosson, Patrick Kokinopoulos, Gary Loen, Tor Gutersen, Runi, Monick Van den Berg&#8230;.<\/p>\n\n\n\n<p>Dommage, elle n&rsquo;a jamais eu l&rsquo;audace de participer \u00e0 quelque concours&#8230;.<\/p>\n<\/div>\n\n\n\n<div class=\"wp-block-column is-layout-flow wp-block-column-is-layout-flow\">\n<figure class=\"wp-block-image size-large\"><img loading=\"lazy\" decoding=\"async\" width=\"724\" height=\"1024\" src=\"https:\/\/coletteartsetmatieres.com\/wp-content\/uploads\/2022\/12\/Amboise-_-la-fleuriste-Colette-Dubreuil-a-recu-le-titre-de-Maitre-artisan-1-pdf-724x1024.jpg\" alt=\"\" class=\"wp-image-1892\"\/><figcaption class=\"wp-element-caption\">article NR<\/figcaption><\/figure>\n<\/div>\n<\/div>\n\n\n\n<p><\/p>\n","protected":false},"excerpt":{"rendered":"<p>Samedi 26 novembre 2022 , Monsieur Bobier, pr\u00e9sident de la chambre des m\u00e9tiers et de l&rsquo;Artisanat d&rsquo;Indre et Loire, Madame Jumeau, vice- pr\u00e9sidente de la commission territoriale Touraine Grand-Est, Monsieur Labaronne, D\u00e9put\u00e9 d&rsquo;Indre et Loire, Monsieur Boutard, maire d&rsquo;Amboise, Monsieur Lepoutre, pr\u00e9sident de l&rsquo;UCCVA, union commerciale centre val d&rsquo;amboise, accompagn\u00e9s de nombreux commer\u00e7ants du quartier &hellip; <\/p>\n<p class=\"link-more\"><a href=\"https:\/\/coletteartsetmatieres.com\/index.php\/2022\/12\/04\/fleurs-stabilisees-rose-eternelle-murs-vegetaux-compositions-florales-tableaux-sculptures-et-murs-vegetalises\/\" class=\"more-link\">Continuer la lecture<span class=\"screen-reader-text\"> de &laquo;&nbsp;Ma\u00eetre Artisan Fleuriste, v\u00e9g\u00e9tal stabilis\u00e9&nbsp;&raquo;<\/span><\/a><\/p>\n","protected":false},"author":1,"featured_media":0,"comment_status":"open","ping_status":"open","sticky":false,"template":"","format":"standard","meta":{"footnotes":"","_vp_format_video_url":"","_vp_image_focal_point":[]},"categories":[1],"tags":[],"yoast_head":"<!-- This site is optimized with the Yoast SEO plugin v19.8 - https:\/\/yoast.com\/wordpress\/plugins\/seo\/ -->\n<title>Ma\u00eetre Artisan Fleuriste, v\u00e9g\u00e9tal stabilis\u00e9 - Colette Arts et Mati\u00e8res.<\/title>\n<meta name=\"description\" content=\"Nov 2022 Ma\u00eetre Artisan en Indre Loire, Colette Dubreil, fleuriste exp\u00e9riment\u00e9e propose compositions, tableaux, sculptures et murs v\u00e9g\u00e9talis\u00e9s\" \/>\n<meta name=\"robots\" content=\"index, follow, max-snippet:-1, max-image-preview:large, max-video-preview:-1\" \/>\n<link rel=\"canonical\" href=\"https:\/\/coletteartsetmatieres.com\/index.php\/2022\/12\/04\/fleurs-stabilisees-rose-eternelle-murs-vegetaux-compositions-florales-tableaux-sculptures-et-murs-vegetalises\/\" \/>\n<meta property=\"og:locale\" content=\"fr_FR\" \/>\n<meta property=\"og:type\" content=\"article\" \/>\n<meta property=\"og:title\" content=\"Ma\u00eetre Artisan Fleuriste, v\u00e9g\u00e9tal stabilis\u00e9 - Colette Arts et Mati\u00e8res.\" \/>\n<meta property=\"og:description\" content=\"Nov 2022 Ma\u00eetre Artisan en Indre Loire, Colette Dubreil, fleuriste exp\u00e9riment\u00e9e propose compositions, tableaux, sculptures et murs v\u00e9g\u00e9talis\u00e9s\" \/>\n<meta property=\"og:url\" content=\"https:\/\/coletteartsetmatieres.com\/index.php\/2022\/12\/04\/fleurs-stabilisees-rose-eternelle-murs-vegetaux-compositions-florales-tableaux-sculptures-et-murs-vegetalises\/\" \/>\n<meta property=\"og:site_name\" content=\"Colette Arts et Mati\u00e8res.\" \/>\n<meta property=\"article:published_time\" content=\"2022-12-04T14:12:00+00:00\" \/>\n<meta property=\"article:modified_time\" content=\"2023-03-04T14:30:04+00:00\" \/>\n<meta property=\"og:image\" content=\"https:\/\/www.lanouvellerepublique.fr\/amboise\/amboise-la-fleuriste-colette-dubreuil-a-recu-le-titre-de-maitre-artisan\" \/>\n<meta name=\"author\" content=\"admin1002\" \/>\n<meta name=\"twitter:card\" content=\"summary_large_image\" \/>\n<meta name=\"twitter:label1\" content=\"\u00c9crit par\" \/>\n\t<meta name=\"twitter:data1\" content=\"admin1002\" \/>\n\t<meta name=\"twitter:label2\" content=\"Dur\u00e9e de lecture estim\u00e9e\" \/>\n\t<meta name=\"twitter:data2\" content=\"2 minutes\" \/>\n<script type=\"application\/ld+json\" class=\"yoast-schema-graph\">{\"@context\":\"https:\/\/schema.org\",\"@graph\":[{\"@type\":\"Article\",\"@id\":\"https:\/\/coletteartsetmatieres.com\/index.php\/2022\/12\/04\/fleurs-stabilisees-rose-eternelle-murs-vegetaux-compositions-florales-tableaux-sculptures-et-murs-vegetalises\/#article\",\"isPartOf\":{\"@id\":\"https:\/\/coletteartsetmatieres.com\/index.php\/2022\/12\/04\/fleurs-stabilisees-rose-eternelle-murs-vegetaux-compositions-florales-tableaux-sculptures-et-murs-vegetalises\/\"},\"author\":{\"name\":\"admin1002\",\"@id\":\"https:\/\/coletteartsetmatieres.com\/#\/schema\/person\/7e0222ac6e14507002eac1cbb27569a0\"},\"headline\":\"Ma\u00eetre Artisan Fleuriste, v\u00e9g\u00e9tal stabilis\u00e9\",\"datePublished\":\"2022-12-04T14:12:00+00:00\",\"dateModified\":\"2023-03-04T14:30:04+00:00\",\"mainEntityOfPage\":{\"@id\":\"https:\/\/coletteartsetmatieres.com\/index.php\/2022\/12\/04\/fleurs-stabilisees-rose-eternelle-murs-vegetaux-compositions-florales-tableaux-sculptures-et-murs-vegetalises\/\"},\"wordCount\":224,\"commentCount\":0,\"publisher\":{\"@id\":\"https:\/\/coletteartsetmatieres.com\/#organization\"},\"inLanguage\":\"fr-FR\",\"potentialAction\":[{\"@type\":\"CommentAction\",\"name\":\"Comment\",\"target\":[\"https:\/\/coletteartsetmatieres.com\/index.php\/2022\/12\/04\/fleurs-stabilisees-rose-eternelle-murs-vegetaux-compositions-florales-tableaux-sculptures-et-murs-vegetalises\/#respond\"]}]},{\"@type\":\"WebPage\",\"@id\":\"https:\/\/coletteartsetmatieres.com\/index.php\/2022\/12\/04\/fleurs-stabilisees-rose-eternelle-murs-vegetaux-compositions-florales-tableaux-sculptures-et-murs-vegetalises\/\",\"url\":\"https:\/\/coletteartsetmatieres.com\/index.php\/2022\/12\/04\/fleurs-stabilisees-rose-eternelle-murs-vegetaux-compositions-florales-tableaux-sculptures-et-murs-vegetalises\/\",\"name\":\"Ma\u00eetre Artisan Fleuriste, v\u00e9g\u00e9tal stabilis\u00e9 - Colette Arts et Mati\u00e8res.\",\"isPartOf\":{\"@id\":\"https:\/\/coletteartsetmatieres.com\/#website\"},\"datePublished\":\"2022-12-04T14:12:00+00:00\",\"dateModified\":\"2023-03-04T14:30:04+00:00\",\"description\":\"Nov 2022 Ma\u00eetre Artisan en Indre Loire, Colette Dubreil, fleuriste exp\u00e9riment\u00e9e propose compositions, tableaux, sculptures et murs v\u00e9g\u00e9talis\u00e9s\",\"breadcrumb\":{\"@id\":\"https:\/\/coletteartsetmatieres.com\/index.php\/2022\/12\/04\/fleurs-stabilisees-rose-eternelle-murs-vegetaux-compositions-florales-tableaux-sculptures-et-murs-vegetalises\/#breadcrumb\"},\"inLanguage\":\"fr-FR\",\"potentialAction\":[{\"@type\":\"ReadAction\",\"target\":[\"https:\/\/coletteartsetmatieres.com\/index.php\/2022\/12\/04\/fleurs-stabilisees-rose-eternelle-murs-vegetaux-compositions-florales-tableaux-sculptures-et-murs-vegetalises\/\"]}]},{\"@type\":\"BreadcrumbList\",\"@id\":\"https:\/\/coletteartsetmatieres.com\/index.php\/2022\/12\/04\/fleurs-stabilisees-rose-eternelle-murs-vegetaux-compositions-florales-tableaux-sculptures-et-murs-vegetalises\/#breadcrumb\",\"itemListElement\":[{\"@type\":\"ListItem\",\"position\":1,\"name\":\"Accueil\",\"item\":\"https:\/\/coletteartsetmatieres.com\/\"},{\"@type\":\"ListItem\",\"position\":2,\"name\":\"Ma\u00eetre Artisan Fleuriste, v\u00e9g\u00e9tal stabilis\u00e9\"}]},{\"@type\":\"WebSite\",\"@id\":\"https:\/\/coletteartsetmatieres.com\/#website\",\"url\":\"https:\/\/coletteartsetmatieres.com\/\",\"name\":\"Colette Arts et Mati\u00e8res.\",\"description\":\"   L&#039;Art du V\u00e9g\u00e9tal et de la Fleur stables et durables\",\"publisher\":{\"@id\":\"https:\/\/coletteartsetmatieres.com\/#organization\"},\"potentialAction\":[{\"@type\":\"SearchAction\",\"target\":{\"@type\":\"EntryPoint\",\"urlTemplate\":\"https:\/\/coletteartsetmatieres.com\/?s={search_term_string}\"},\"query-input\":\"required name=search_term_string\"}],\"inLanguage\":\"fr-FR\"},{\"@type\":\"Organization\",\"@id\":\"https:\/\/coletteartsetmatieres.com\/#organization\",\"name\":\"Colette Arts et Mati\u00e8res.\",\"url\":\"https:\/\/coletteartsetmatieres.com\/\",\"sameAs\":[],\"logo\":{\"@type\":\"ImageObject\",\"inLanguage\":\"fr-FR\",\"@id\":\"https:\/\/coletteartsetmatieres.com\/#\/schema\/logo\/image\/\",\"url\":\"https:\/\/coletteartsetmatieres.com\/wp-content\/uploads\/2020\/03\/cropped-Coletteartsetmatieres_logotype-2.png\",\"contentUrl\":\"https:\/\/coletteartsetmatieres.com\/wp-content\/uploads\/2020\/03\/cropped-Coletteartsetmatieres_logotype-2.png\",\"width\":409,\"height\":250,\"caption\":\"    Colette Arts et Mati\u00e8res. \"},\"image\":{\"@id\":\"https:\/\/coletteartsetmatieres.com\/#\/schema\/logo\/image\/\"}},{\"@type\":\"Person\",\"@id\":\"https:\/\/coletteartsetmatieres.com\/#\/schema\/person\/7e0222ac6e14507002eac1cbb27569a0\",\"name\":\"admin1002\",\"image\":{\"@type\":\"ImageObject\",\"inLanguage\":\"fr-FR\",\"@id\":\"https:\/\/coletteartsetmatieres.com\/#\/schema\/person\/image\/\",\"url\":\"https:\/\/secure.gravatar.com\/avatar\/004bba7218d1f0c8ae1ebdea48a2bc0e?s=96&d=mm&r=g\",\"contentUrl\":\"https:\/\/secure.gravatar.com\/avatar\/004bba7218d1f0c8ae1ebdea48a2bc0e?s=96&d=mm&r=g\",\"caption\":\"admin1002\"},\"url\":\"https:\/\/coletteartsetmatieres.com\/index.php\/author\/admin1002\/\"}]}<\/script>\n<!-- \/ Yoast SEO plugin. -->","yoast_head_json":{"title":"Ma\u00eetre Artisan Fleuriste, v\u00e9g\u00e9tal stabilis\u00e9 - Colette Arts et Mati\u00e8res.","description":"Nov 2022 Ma\u00eetre Artisan en Indre Loire, Colette Dubreil, fleuriste exp\u00e9riment\u00e9e propose compositions, tableaux, sculptures et murs v\u00e9g\u00e9talis\u00e9s","robots":{"index":"index","follow":"follow","max-snippet":"max-snippet:-1","max-image-preview":"max-image-preview:large","max-video-preview":"max-video-preview:-1"},"canonical":"https:\/\/coletteartsetmatieres.com\/index.php\/2022\/12\/04\/fleurs-stabilisees-rose-eternelle-murs-vegetaux-compositions-florales-tableaux-sculptures-et-murs-vegetalises\/","og_locale":"fr_FR","og_type":"article","og_title":"Ma\u00eetre Artisan Fleuriste, v\u00e9g\u00e9tal stabilis\u00e9 - Colette Arts et Mati\u00e8res.","og_description":"Nov 2022 Ma\u00eetre Artisan en Indre Loire, Colette Dubreil, fleuriste exp\u00e9riment\u00e9e propose compositions, tableaux, sculptures et murs v\u00e9g\u00e9talis\u00e9s","og_url":"https:\/\/coletteartsetmatieres.com\/index.php\/2022\/12\/04\/fleurs-stabilisees-rose-eternelle-murs-vegetaux-compositions-florales-tableaux-sculptures-et-murs-vegetalises\/","og_site_name":"Colette Arts et Mati\u00e8res.","article_published_time":"2022-12-04T14:12:00+00:00","article_modified_time":"2023-03-04T14:30:04+00:00","og_image":[{"url":"https:\/\/www.lanouvellerepublique.fr\/amboise\/amboise-la-fleuriste-colette-dubreuil-a-recu-le-titre-de-maitre-artisan"}],"author":"admin1002","twitter_card":"summary_large_image","twitter_misc":{"\u00c9crit par":"admin1002","Dur\u00e9e de lecture estim\u00e9e":"2 minutes"},"schema":{"@context":"https:\/\/schema.org","@graph":[{"@type":"Article","@id":"https:\/\/coletteartsetmatieres.com\/index.php\/2022\/12\/04\/fleurs-stabilisees-rose-eternelle-murs-vegetaux-compositions-florales-tableaux-sculptures-et-murs-vegetalises\/#article","isPartOf":{"@id":"https:\/\/coletteartsetmatieres.com\/index.php\/2022\/12\/04\/fleurs-stabilisees-rose-eternelle-murs-vegetaux-compositions-florales-tableaux-sculptures-et-murs-vegetalises\/"},"author":{"name":"admin1002","@id":"https:\/\/coletteartsetmatieres.com\/#\/schema\/person\/7e0222ac6e14507002eac1cbb27569a0"},"headline":"Ma\u00eetre Artisan Fleuriste, v\u00e9g\u00e9tal stabilis\u00e9","datePublished":"2022-12-04T14:12:00+00:00","dateModified":"2023-03-04T14:30:04+00:00","mainEntityOfPage":{"@id":"https:\/\/coletteartsetmatieres.com\/index.php\/2022\/12\/04\/fleurs-stabilisees-rose-eternelle-murs-vegetaux-compositions-florales-tableaux-sculptures-et-murs-vegetalises\/"},"wordCount":224,"commentCount":0,"publisher":{"@id":"https:\/\/coletteartsetmatieres.com\/#organization"},"inLanguage":"fr-FR","potentialAction":[{"@type":"CommentAction","name":"Comment","target":["https:\/\/coletteartsetmatieres.com\/index.php\/2022\/12\/04\/fleurs-stabilisees-rose-eternelle-murs-vegetaux-compositions-florales-tableaux-sculptures-et-murs-vegetalises\/#respond"]}]},{"@type":"WebPage","@id":"https:\/\/coletteartsetmatieres.com\/index.php\/2022\/12\/04\/fleurs-stabilisees-rose-eternelle-murs-vegetaux-compositions-florales-tableaux-sculptures-et-murs-vegetalises\/","url":"https:\/\/coletteartsetmatieres.com\/index.php\/2022\/12\/04\/fleurs-stabilisees-rose-eternelle-murs-vegetaux-compositions-florales-tableaux-sculptures-et-murs-vegetalises\/","name":"Ma\u00eetre Artisan Fleuriste, v\u00e9g\u00e9tal stabilis\u00e9 - Colette Arts et Mati\u00e8res.","isPartOf":{"@id":"https:\/\/coletteartsetmatieres.com\/#website"},"datePublished":"2022-12-04T14:12:00+00:00","dateModified":"2023-03-04T14:30:04+00:00","description":"Nov 2022 Ma\u00eetre Artisan en Indre Loire, Colette Dubreil, fleuriste exp\u00e9riment\u00e9e propose compositions, tableaux, sculptures et murs v\u00e9g\u00e9talis\u00e9s","breadcrumb":{"@id":"https:\/\/coletteartsetmatieres.com\/index.php\/2022\/12\/04\/fleurs-stabilisees-rose-eternelle-murs-vegetaux-compositions-florales-tableaux-sculptures-et-murs-vegetalises\/#breadcrumb"},"inLanguage":"fr-FR","potentialAction":[{"@type":"ReadAction","target":["https:\/\/coletteartsetmatieres.com\/index.php\/2022\/12\/04\/fleurs-stabilisees-rose-eternelle-murs-vegetaux-compositions-florales-tableaux-sculptures-et-murs-vegetalises\/"]}]},{"@type":"BreadcrumbList","@id":"https:\/\/coletteartsetmatieres.com\/index.php\/2022\/12\/04\/fleurs-stabilisees-rose-eternelle-murs-vegetaux-compositions-florales-tableaux-sculptures-et-murs-vegetalises\/#breadcrumb","itemListElement":[{"@type":"ListItem","position":1,"name":"Accueil","item":"https:\/\/coletteartsetmatieres.com\/"},{"@type":"ListItem","position":2,"name":"Ma\u00eetre Artisan Fleuriste, v\u00e9g\u00e9tal stabilis\u00e9"}]},{"@type":"WebSite","@id":"https:\/\/coletteartsetmatieres.com\/#website","url":"https:\/\/coletteartsetmatieres.com\/","name":"Colette Arts et Mati\u00e8res.","description":"   L&#039;Art du V\u00e9g\u00e9tal et de la Fleur stables et durables","publisher":{"@id":"https:\/\/coletteartsetmatieres.com\/#organization"},"potentialAction":[{"@type":"SearchAction","target":{"@type":"EntryPoint","urlTemplate":"https:\/\/coletteartsetmatieres.com\/?s={search_term_string}"},"query-input":"required name=search_term_string"}],"inLanguage":"fr-FR"},{"@type":"Organization","@id":"https:\/\/coletteartsetmatieres.com\/#organization","name":"Colette Arts et Mati\u00e8res.","url":"https:\/\/coletteartsetmatieres.com\/","sameAs":[],"logo":{"@type":"ImageObject","inLanguage":"fr-FR","@id":"https:\/\/coletteartsetmatieres.com\/#\/schema\/logo\/image\/","url":"https:\/\/coletteartsetmatieres.com\/wp-content\/uploads\/2020\/03\/cropped-Coletteartsetmatieres_logotype-2.png","contentUrl":"https:\/\/coletteartsetmatieres.com\/wp-content\/uploads\/2020\/03\/cropped-Coletteartsetmatieres_logotype-2.png","width":409,"height":250,"caption":"    Colette Arts et Mati\u00e8res. "},"image":{"@id":"https:\/\/coletteartsetmatieres.com\/#\/schema\/logo\/image\/"}},{"@type":"Person","@id":"https:\/\/coletteartsetmatieres.com\/#\/schema\/person\/7e0222ac6e14507002eac1cbb27569a0","name":"admin1002","image":{"@type":"ImageObject","inLanguage":"fr-FR","@id":"https:\/\/coletteartsetmatieres.com\/#\/schema\/person\/image\/","url":"https:\/\/secure.gravatar.com\/avatar\/004bba7218d1f0c8ae1ebdea48a2bc0e?s=96&d=mm&r=g","contentUrl":"https:\/\/secure.gravatar.com\/avatar\/004bba7218d1f0c8ae1ebdea48a2bc0e?s=96&d=mm&r=g","caption":"admin1002"},"url":"https:\/\/coletteartsetmatieres.com\/index.php\/author\/admin1002\/"}]}},"_links":{"self":[{"href":"https:\/\/coletteartsetmatieres.com\/index.php\/wp-json\/wp\/v2\/posts\/1887"}],"collection":[{"href":"https:\/\/coletteartsetmatieres.com\/index.php\/wp-json\/wp\/v2\/posts"}],"about":[{"href":"https:\/\/coletteartsetmatieres.com\/index.php\/wp-json\/wp\/v2\/types\/post"}],"author":[{"embeddable":true,"href":"https:\/\/coletteartsetmatieres.com\/index.php\/wp-json\/wp\/v2\/users\/1"}],"replies":[{"embeddable":true,"href":"https:\/\/coletteartsetmatieres.com\/index.php\/wp-json\/wp\/v2\/comments?post=1887"}],"version-history":[{"count":3,"href":"https:\/\/coletteartsetmatieres.com\/index.php\/wp-json\/wp\/v2\/posts\/1887\/revisions"}],"predecessor-version":[{"id":1895,"href":"https:\/\/coletteartsetmatieres.com\/index.php\/wp-json\/wp\/v2\/posts\/1887\/revisions\/1895"}],"wp:attachment":[{"href":"https:\/\/coletteartsetmatieres.com\/index.php\/wp-json\/wp\/v2\/media?parent=1887"}],"wp:term":[{"taxonomy":"category","embeddable":true,"href":"https:\/\/coletteartsetmatieres.com\/index.php\/wp-json\/wp\/v2\/categories?post=1887"},{"taxonomy":"post_tag","embeddable":true,"href":"https:\/\/coletteartsetmatieres.com\/index.php\/wp-json\/wp\/v2\/tags?post=1887"}],"curies":[{"name":"wp","href":"https:\/\/api.w.org\/{rel}","templated":true}]}}