{"id":1899,"date":"2023-06-03T16:04:45","date_gmt":"2023-06-03T14:04:45","guid":{"rendered":"https:\/\/coletteartsetmatieres.com\/?p=1899"},"modified":"2023-06-03T16:04:46","modified_gmt":"2023-06-03T14:04:46","slug":"corso-fleuri-damboise-2023","status":"publish","type":"post","link":"https:\/\/coletteartsetmatieres.com\/index.php\/2023\/06\/03\/corso-fleuri-damboise-2023\/","title":{"rendered":"Corso Fleuri d&rsquo;Amboise 2023"},"content":{"rendered":"\n<p class=\"has-text-align-left\">Le samedi 27 mai 2023 \u00e0 Amboise, France<\/p>\n\n\n\n<p class=\"has-text-align-left\">La boutique florale Colette Arts et Mati\u00e8res a marqu\u00e9 les esprits lors de sa participation au c\u00e9l\u00e8bre Corso Fleuri d&rsquo;Amboise. Le Corso Fleuri d&rsquo;Amboise est un \u00e9v\u00e9nement annuel incontournable qui c\u00e9l\u00e8bre la beaut\u00e9 des jardins, des fleurs et de l&rsquo;art floral. Chaque ann\u00e9e, la ville d&rsquo;Amboise se transforme en un v\u00e9ritable paradis floral, o\u00f9 les rues se parent de magnifiques compositions florales.                                <a href=\"https:\/\/www.facebook.com\/photo\/?fbid=704620778336999&amp;set=pcb.704625565003187\">https:\/\/www.facebook.com\/photo\/fbid=704620778336999&amp;set=pcb.704625565003187<\/a><\/p>\n\n\n\n<p class=\"has-text-align-left\">Cette \u00e9dition a \u00e9t\u00e9 rendue possible gr\u00e2ce \u00e0 la collaboration des fleuristes de la ville d\u2019Amboise sous l\u2019\u00e9gide de l\u2019Union des commer\u00e7ants. En travaillant main dans la main avec les autres artisans floraux de la ville, Colette Arts et Mati\u00e8res a donn\u00e9 vie \u00e0 une \u0153uvre d&rsquo;art florale v\u00e9ritablement \u00e9poustouflante : la r\u00e9alisation d&rsquo;une sculpture florale exceptionnelle. <a href=\"https:\/\/www.lanouvellerepublique.fr\/amboise\/video-amboise-un-corso-fleuri-aux-airs-de-samba\">https:\/\/www.lanouvellerepublique.fr\/amboise\/video-amboise-un-corso-fleuri-aux-airs-de-samba<\/a><\/p>\n\n\n\n<p class=\"has-text-align-left\">Outre la cr\u00e9ation de la sculpture florale, Colette a \u00e9galement particip\u00e9 activement au d\u00e9fil\u00e9 du Corso Fleuri d&rsquo;Amboise. L&rsquo;\u00e9quipe a mis en sc\u00e8ne leur cr\u00e9ation florale sur une cal\u00e8che magnifiquement d\u00e9cor\u00e9, attirant tous les regards et suscitant l&rsquo;admiration des spectateurs. C&rsquo;\u00e9tait une occasion unique de partager leur passion pour les fleurs et de montrer leur expertise dans l&rsquo;art floral.<\/p>\n\n\n\n<figure class=\"wp-block-gallery has-nested-images columns-default is-cropped wp-block-gallery-1 is-layout-flex wp-block-gallery-is-layout-flex\">\n<figure class=\"wp-block-image size-large\"><img loading=\"lazy\" decoding=\"async\" width=\"1024\" height=\"1024\" data-id=\"1902\" src=\"https:\/\/coletteartsetmatieres.com\/wp-content\/uploads\/2023\/06\/IMG202305271233072-1024x1024.jpg\" alt=\"\" class=\"wp-image-1902\" srcset=\"https:\/\/coletteartsetmatieres.com\/wp-content\/uploads\/2023\/06\/IMG202305271233072-1024x1024.jpg 1024w, https:\/\/coletteartsetmatieres.com\/wp-content\/uploads\/2023\/06\/IMG202305271233072-300x300.jpg 300w, https:\/\/coletteartsetmatieres.com\/wp-content\/uploads\/2023\/06\/IMG202305271233072-150x150.jpg 150w, https:\/\/coletteartsetmatieres.com\/wp-content\/uploads\/2023\/06\/IMG202305271233072-768x768.jpg 768w, https:\/\/coletteartsetmatieres.com\/wp-content\/uploads\/2023\/06\/IMG202305271233072-500x500.jpg 500w, https:\/\/coletteartsetmatieres.com\/wp-content\/uploads\/2023\/06\/IMG202305271233072-800x800.jpg 800w, https:\/\/coletteartsetmatieres.com\/wp-content\/uploads\/2023\/06\/IMG202305271233072-1280x1280.jpg 1280w, https:\/\/coletteartsetmatieres.com\/wp-content\/uploads\/2023\/06\/IMG202305271233072-1920x1920.jpg 1920w, https:\/\/coletteartsetmatieres.com\/wp-content\/uploads\/2023\/06\/IMG202305271233072-1536x1536.jpg 1536w, https:\/\/coletteartsetmatieres.com\/wp-content\/uploads\/2023\/06\/IMG202305271233072-2048x2048.jpg 2048w, https:\/\/coletteartsetmatieres.com\/wp-content\/uploads\/2023\/06\/IMG202305271233072-100x100.jpg 100w, https:\/\/coletteartsetmatieres.com\/wp-content\/uploads\/2023\/06\/IMG202305271233072-250x250.jpg 250w, https:\/\/coletteartsetmatieres.com\/wp-content\/uploads\/2023\/06\/IMG202305271233072-350x350.jpg 350w\" sizes=\"(max-width: 767px) 89vw, (max-width: 1000px) 54vw, (max-width: 1071px) 543px, 580px\" \/><figcaption class=\"wp-element-caption\">Sculpture v\u00e9g\u00e9tale<\/figcaption><\/figure>\n\n\n\n<figure class=\"wp-block-image size-large\"><img loading=\"lazy\" decoding=\"async\" width=\"1024\" height=\"1024\" data-id=\"1901\" src=\"https:\/\/coletteartsetmatieres.com\/wp-content\/uploads\/2023\/06\/IMG2023052714173923-1-1024x1024.jpg\" alt=\"\" class=\"wp-image-1901\" srcset=\"https:\/\/coletteartsetmatieres.com\/wp-content\/uploads\/2023\/06\/IMG2023052714173923-1-1024x1024.jpg 1024w, https:\/\/coletteartsetmatieres.com\/wp-content\/uploads\/2023\/06\/IMG2023052714173923-1-300x300.jpg 300w, https:\/\/coletteartsetmatieres.com\/wp-content\/uploads\/2023\/06\/IMG2023052714173923-1-150x150.jpg 150w, https:\/\/coletteartsetmatieres.com\/wp-content\/uploads\/2023\/06\/IMG2023052714173923-1-768x768.jpg 768w, https:\/\/coletteartsetmatieres.com\/wp-content\/uploads\/2023\/06\/IMG2023052714173923-1-500x500.jpg 500w, https:\/\/coletteartsetmatieres.com\/wp-content\/uploads\/2023\/06\/IMG2023052714173923-1-800x800.jpg 800w, https:\/\/coletteartsetmatieres.com\/wp-content\/uploads\/2023\/06\/IMG2023052714173923-1-1280x1280.jpg 1280w, https:\/\/coletteartsetmatieres.com\/wp-content\/uploads\/2023\/06\/IMG2023052714173923-1-1920x1920.jpg 1920w, https:\/\/coletteartsetmatieres.com\/wp-content\/uploads\/2023\/06\/IMG2023052714173923-1-1536x1536.jpg 1536w, https:\/\/coletteartsetmatieres.com\/wp-content\/uploads\/2023\/06\/IMG2023052714173923-1-2048x2048.jpg 2048w, https:\/\/coletteartsetmatieres.com\/wp-content\/uploads\/2023\/06\/IMG2023052714173923-1-100x100.jpg 100w, https:\/\/coletteartsetmatieres.com\/wp-content\/uploads\/2023\/06\/IMG2023052714173923-1-250x250.jpg 250w, https:\/\/coletteartsetmatieres.com\/wp-content\/uploads\/2023\/06\/IMG2023052714173923-1-350x350.jpg 350w\" sizes=\"(max-width: 767px) 89vw, (max-width: 1000px) 54vw, (max-width: 1071px) 543px, 580px\" \/><figcaption class=\"wp-element-caption\">Sculpture v\u00e9g\u00e9tale fleurie<\/figcaption><\/figure>\n<\/figure>\n","protected":false},"excerpt":{"rendered":"<p>Le samedi 27 mai 2023 \u00e0 Amboise, France La boutique florale Colette Arts et Mati\u00e8res a marqu\u00e9 les esprits lors de sa participation au c\u00e9l\u00e8bre Corso Fleuri d&rsquo;Amboise. Le Corso Fleuri d&rsquo;Amboise est un \u00e9v\u00e9nement annuel incontournable qui c\u00e9l\u00e8bre la beaut\u00e9 des jardins, des fleurs et de l&rsquo;art floral. Chaque ann\u00e9e, la ville d&rsquo;Amboise se &hellip; <\/p>\n<p class=\"link-more\"><a href=\"https:\/\/coletteartsetmatieres.com\/index.php\/2023\/06\/03\/corso-fleuri-damboise-2023\/\" class=\"more-link\">Continuer la lecture<span class=\"screen-reader-text\"> de &laquo;&nbsp;Corso Fleuri d&rsquo;Amboise 2023&nbsp;&raquo;<\/span><\/a><\/p>\n","protected":false},"author":1,"featured_media":0,"comment_status":"open","ping_status":"open","sticky":false,"template":"","format":"standard","meta":{"footnotes":"","_vp_format_video_url":"","_vp_image_focal_point":[]},"categories":[1],"tags":[],"yoast_head":"<!-- This site is optimized with the Yoast SEO plugin v19.8 - https:\/\/yoast.com\/wordpress\/plugins\/seo\/ -->\n<title>Corso Fleuri d&#039;Amboise 2023 - Colette Arts et Mati\u00e8res.<\/title>\n<meta name=\"description\" content=\"La boutique florale Colette Arts et Mati\u00e8res a marqu\u00e9 les esprits lors de sa participation au c\u00e9l\u00e8bre Corso Fleuri d&#039;Amboise. Le Corso...\" \/>\n<meta name=\"robots\" content=\"index, follow, max-snippet:-1, max-image-preview:large, max-video-preview:-1\" \/>\n<link rel=\"canonical\" href=\"https:\/\/coletteartsetmatieres.com\/index.php\/2023\/06\/03\/corso-fleuri-damboise-2023\/\" \/>\n<meta property=\"og:locale\" content=\"fr_FR\" \/>\n<meta property=\"og:type\" content=\"article\" \/>\n<meta property=\"og:title\" content=\"Corso Fleuri d&#039;Amboise 2023 - Colette Arts et Mati\u00e8res.\" \/>\n<meta property=\"og:description\" content=\"La boutique florale Colette Arts et Mati\u00e8res a marqu\u00e9 les esprits lors de sa participation au c\u00e9l\u00e8bre Corso Fleuri d&#039;Amboise. Le Corso...\" \/>\n<meta property=\"og:url\" content=\"https:\/\/coletteartsetmatieres.com\/index.php\/2023\/06\/03\/corso-fleuri-damboise-2023\/\" \/>\n<meta property=\"og:site_name\" content=\"Colette Arts et Mati\u00e8res.\" \/>\n<meta property=\"article:published_time\" content=\"2023-06-03T14:04:45+00:00\" \/>\n<meta property=\"article:modified_time\" content=\"2023-06-03T14:04:46+00:00\" \/>\n<meta property=\"og:image\" content=\"https:\/\/coletteartsetmatieres.com\/wp-content\/uploads\/2023\/06\/IMG202305271233072-1024x1024.jpg\" \/>\n<meta name=\"author\" content=\"admin1002\" \/>\n<meta name=\"twitter:card\" content=\"summary_large_image\" \/>\n<meta name=\"twitter:label1\" content=\"\u00c9crit par\" \/>\n\t<meta name=\"twitter:data1\" content=\"admin1002\" \/>\n\t<meta name=\"twitter:label2\" content=\"Dur\u00e9e de lecture estim\u00e9e\" \/>\n\t<meta name=\"twitter:data2\" content=\"2 minutes\" \/>\n<script type=\"application\/ld+json\" class=\"yoast-schema-graph\">{\"@context\":\"https:\/\/schema.org\",\"@graph\":[{\"@type\":\"Article\",\"@id\":\"https:\/\/coletteartsetmatieres.com\/index.php\/2023\/06\/03\/corso-fleuri-damboise-2023\/#article\",\"isPartOf\":{\"@id\":\"https:\/\/coletteartsetmatieres.com\/index.php\/2023\/06\/03\/corso-fleuri-damboise-2023\/\"},\"author\":{\"name\":\"admin1002\",\"@id\":\"https:\/\/coletteartsetmatieres.com\/#\/schema\/person\/7e0222ac6e14507002eac1cbb27569a0\"},\"headline\":\"Corso Fleuri d&rsquo;Amboise 2023\",\"datePublished\":\"2023-06-03T14:04:45+00:00\",\"dateModified\":\"2023-06-03T14:04:46+00:00\",\"mainEntityOfPage\":{\"@id\":\"https:\/\/coletteartsetmatieres.com\/index.php\/2023\/06\/03\/corso-fleuri-damboise-2023\/\"},\"wordCount\":231,\"commentCount\":0,\"publisher\":{\"@id\":\"https:\/\/coletteartsetmatieres.com\/#organization\"},\"inLanguage\":\"fr-FR\",\"potentialAction\":[{\"@type\":\"CommentAction\",\"name\":\"Comment\",\"target\":[\"https:\/\/coletteartsetmatieres.com\/index.php\/2023\/06\/03\/corso-fleuri-damboise-2023\/#respond\"]}]},{\"@type\":\"WebPage\",\"@id\":\"https:\/\/coletteartsetmatieres.com\/index.php\/2023\/06\/03\/corso-fleuri-damboise-2023\/\",\"url\":\"https:\/\/coletteartsetmatieres.com\/index.php\/2023\/06\/03\/corso-fleuri-damboise-2023\/\",\"name\":\"Corso Fleuri d'Amboise 2023 - Colette Arts et Mati\u00e8res.\",\"isPartOf\":{\"@id\":\"https:\/\/coletteartsetmatieres.com\/#website\"},\"datePublished\":\"2023-06-03T14:04:45+00:00\",\"dateModified\":\"2023-06-03T14:04:46+00:00\",\"description\":\"La boutique florale Colette Arts et Mati\u00e8res a marqu\u00e9 les esprits lors de sa participation au c\u00e9l\u00e8bre Corso Fleuri d'Amboise. Le Corso...\",\"breadcrumb\":{\"@id\":\"https:\/\/coletteartsetmatieres.com\/index.php\/2023\/06\/03\/corso-fleuri-damboise-2023\/#breadcrumb\"},\"inLanguage\":\"fr-FR\",\"potentialAction\":[{\"@type\":\"ReadAction\",\"target\":[\"https:\/\/coletteartsetmatieres.com\/index.php\/2023\/06\/03\/corso-fleuri-damboise-2023\/\"]}]},{\"@type\":\"BreadcrumbList\",\"@id\":\"https:\/\/coletteartsetmatieres.com\/index.php\/2023\/06\/03\/corso-fleuri-damboise-2023\/#breadcrumb\",\"itemListElement\":[{\"@type\":\"ListItem\",\"position\":1,\"name\":\"Accueil\",\"item\":\"https:\/\/coletteartsetmatieres.com\/\"},{\"@type\":\"ListItem\",\"position\":2,\"name\":\"Corso Fleuri d&rsquo;Amboise 2023\"}]},{\"@type\":\"WebSite\",\"@id\":\"https:\/\/coletteartsetmatieres.com\/#website\",\"url\":\"https:\/\/coletteartsetmatieres.com\/\",\"name\":\"Colette Arts et Mati\u00e8res.\",\"description\":\"   L&#039;Art du V\u00e9g\u00e9tal et de la Fleur stables et durables\",\"publisher\":{\"@id\":\"https:\/\/coletteartsetmatieres.com\/#organization\"},\"potentialAction\":[{\"@type\":\"SearchAction\",\"target\":{\"@type\":\"EntryPoint\",\"urlTemplate\":\"https:\/\/coletteartsetmatieres.com\/?s={search_term_string}\"},\"query-input\":\"required name=search_term_string\"}],\"inLanguage\":\"fr-FR\"},{\"@type\":\"Organization\",\"@id\":\"https:\/\/coletteartsetmatieres.com\/#organization\",\"name\":\"Colette Arts et Mati\u00e8res.\",\"url\":\"https:\/\/coletteartsetmatieres.com\/\",\"sameAs\":[],\"logo\":{\"@type\":\"ImageObject\",\"inLanguage\":\"fr-FR\",\"@id\":\"https:\/\/coletteartsetmatieres.com\/#\/schema\/logo\/image\/\",\"url\":\"https:\/\/coletteartsetmatieres.com\/wp-content\/uploads\/2020\/03\/cropped-Coletteartsetmatieres_logotype-2.png\",\"contentUrl\":\"https:\/\/coletteartsetmatieres.com\/wp-content\/uploads\/2020\/03\/cropped-Coletteartsetmatieres_logotype-2.png\",\"width\":409,\"height\":250,\"caption\":\"    Colette Arts et Mati\u00e8res. \"},\"image\":{\"@id\":\"https:\/\/coletteartsetmatieres.com\/#\/schema\/logo\/image\/\"}},{\"@type\":\"Person\",\"@id\":\"https:\/\/coletteartsetmatieres.com\/#\/schema\/person\/7e0222ac6e14507002eac1cbb27569a0\",\"name\":\"admin1002\",\"image\":{\"@type\":\"ImageObject\",\"inLanguage\":\"fr-FR\",\"@id\":\"https:\/\/coletteartsetmatieres.com\/#\/schema\/person\/image\/\",\"url\":\"https:\/\/secure.gravatar.com\/avatar\/004bba7218d1f0c8ae1ebdea48a2bc0e?s=96&d=mm&r=g\",\"contentUrl\":\"https:\/\/secure.gravatar.com\/avatar\/004bba7218d1f0c8ae1ebdea48a2bc0e?s=96&d=mm&r=g\",\"caption\":\"admin1002\"},\"url\":\"https:\/\/coletteartsetmatieres.com\/index.php\/author\/admin1002\/\"}]}<\/script>\n<!-- \/ Yoast SEO plugin. -->","yoast_head_json":{"title":"Corso Fleuri d'Amboise 2023 - Colette Arts et Mati\u00e8res.","description":"La boutique florale Colette Arts et Mati\u00e8res a marqu\u00e9 les esprits lors de sa participation au c\u00e9l\u00e8bre Corso Fleuri d'Amboise. Le Corso...","robots":{"index":"index","follow":"follow","max-snippet":"max-snippet:-1","max-image-preview":"max-image-preview:large","max-video-preview":"max-video-preview:-1"},"canonical":"https:\/\/coletteartsetmatieres.com\/index.php\/2023\/06\/03\/corso-fleuri-damboise-2023\/","og_locale":"fr_FR","og_type":"article","og_title":"Corso Fleuri d'Amboise 2023 - Colette Arts et Mati\u00e8res.","og_description":"La boutique florale Colette Arts et Mati\u00e8res a marqu\u00e9 les esprits lors de sa participation au c\u00e9l\u00e8bre Corso Fleuri d'Amboise. Le Corso...","og_url":"https:\/\/coletteartsetmatieres.com\/index.php\/2023\/06\/03\/corso-fleuri-damboise-2023\/","og_site_name":"Colette Arts et Mati\u00e8res.","article_published_time":"2023-06-03T14:04:45+00:00","article_modified_time":"2023-06-03T14:04:46+00:00","og_image":[{"url":"https:\/\/coletteartsetmatieres.com\/wp-content\/uploads\/2023\/06\/IMG202305271233072-1024x1024.jpg"}],"author":"admin1002","twitter_card":"summary_large_image","twitter_misc":{"\u00c9crit par":"admin1002","Dur\u00e9e de lecture estim\u00e9e":"2 minutes"},"schema":{"@context":"https:\/\/schema.org","@graph":[{"@type":"Article","@id":"https:\/\/coletteartsetmatieres.com\/index.php\/2023\/06\/03\/corso-fleuri-damboise-2023\/#article","isPartOf":{"@id":"https:\/\/coletteartsetmatieres.com\/index.php\/2023\/06\/03\/corso-fleuri-damboise-2023\/"},"author":{"name":"admin1002","@id":"https:\/\/coletteartsetmatieres.com\/#\/schema\/person\/7e0222ac6e14507002eac1cbb27569a0"},"headline":"Corso Fleuri d&rsquo;Amboise 2023","datePublished":"2023-06-03T14:04:45+00:00","dateModified":"2023-06-03T14:04:46+00:00","mainEntityOfPage":{"@id":"https:\/\/coletteartsetmatieres.com\/index.php\/2023\/06\/03\/corso-fleuri-damboise-2023\/"},"wordCount":231,"commentCount":0,"publisher":{"@id":"https:\/\/coletteartsetmatieres.com\/#organization"},"inLanguage":"fr-FR","potentialAction":[{"@type":"CommentAction","name":"Comment","target":["https:\/\/coletteartsetmatieres.com\/index.php\/2023\/06\/03\/corso-fleuri-damboise-2023\/#respond"]}]},{"@type":"WebPage","@id":"https:\/\/coletteartsetmatieres.com\/index.php\/2023\/06\/03\/corso-fleuri-damboise-2023\/","url":"https:\/\/coletteartsetmatieres.com\/index.php\/2023\/06\/03\/corso-fleuri-damboise-2023\/","name":"Corso Fleuri d'Amboise 2023 - Colette Arts et Mati\u00e8res.","isPartOf":{"@id":"https:\/\/coletteartsetmatieres.com\/#website"},"datePublished":"2023-06-03T14:04:45+00:00","dateModified":"2023-06-03T14:04:46+00:00","description":"La boutique florale Colette Arts et Mati\u00e8res a marqu\u00e9 les esprits lors de sa participation au c\u00e9l\u00e8bre Corso Fleuri d'Amboise. Le Corso...","breadcrumb":{"@id":"https:\/\/coletteartsetmatieres.com\/index.php\/2023\/06\/03\/corso-fleuri-damboise-2023\/#breadcrumb"},"inLanguage":"fr-FR","potentialAction":[{"@type":"ReadAction","target":["https:\/\/coletteartsetmatieres.com\/index.php\/2023\/06\/03\/corso-fleuri-damboise-2023\/"]}]},{"@type":"BreadcrumbList","@id":"https:\/\/coletteartsetmatieres.com\/index.php\/2023\/06\/03\/corso-fleuri-damboise-2023\/#breadcrumb","itemListElement":[{"@type":"ListItem","position":1,"name":"Accueil","item":"https:\/\/coletteartsetmatieres.com\/"},{"@type":"ListItem","position":2,"name":"Corso Fleuri d&rsquo;Amboise 2023"}]},{"@type":"WebSite","@id":"https:\/\/coletteartsetmatieres.com\/#website","url":"https:\/\/coletteartsetmatieres.com\/","name":"Colette Arts et Mati\u00e8res.","description":"   L&#039;Art du V\u00e9g\u00e9tal et de la Fleur stables et durables","publisher":{"@id":"https:\/\/coletteartsetmatieres.com\/#organization"},"potentialAction":[{"@type":"SearchAction","target":{"@type":"EntryPoint","urlTemplate":"https:\/\/coletteartsetmatieres.com\/?s={search_term_string}"},"query-input":"required name=search_term_string"}],"inLanguage":"fr-FR"},{"@type":"Organization","@id":"https:\/\/coletteartsetmatieres.com\/#organization","name":"Colette Arts et Mati\u00e8res.","url":"https:\/\/coletteartsetmatieres.com\/","sameAs":[],"logo":{"@type":"ImageObject","inLanguage":"fr-FR","@id":"https:\/\/coletteartsetmatieres.com\/#\/schema\/logo\/image\/","url":"https:\/\/coletteartsetmatieres.com\/wp-content\/uploads\/2020\/03\/cropped-Coletteartsetmatieres_logotype-2.png","contentUrl":"https:\/\/coletteartsetmatieres.com\/wp-content\/uploads\/2020\/03\/cropped-Coletteartsetmatieres_logotype-2.png","width":409,"height":250,"caption":"    Colette Arts et Mati\u00e8res. "},"image":{"@id":"https:\/\/coletteartsetmatieres.com\/#\/schema\/logo\/image\/"}},{"@type":"Person","@id":"https:\/\/coletteartsetmatieres.com\/#\/schema\/person\/7e0222ac6e14507002eac1cbb27569a0","name":"admin1002","image":{"@type":"ImageObject","inLanguage":"fr-FR","@id":"https:\/\/coletteartsetmatieres.com\/#\/schema\/person\/image\/","url":"https:\/\/secure.gravatar.com\/avatar\/004bba7218d1f0c8ae1ebdea48a2bc0e?s=96&d=mm&r=g","contentUrl":"https:\/\/secure.gravatar.com\/avatar\/004bba7218d1f0c8ae1ebdea48a2bc0e?s=96&d=mm&r=g","caption":"admin1002"},"url":"https:\/\/coletteartsetmatieres.com\/index.php\/author\/admin1002\/"}]}},"_links":{"self":[{"href":"https:\/\/coletteartsetmatieres.com\/index.php\/wp-json\/wp\/v2\/posts\/1899"}],"collection":[{"href":"https:\/\/coletteartsetmatieres.com\/index.php\/wp-json\/wp\/v2\/posts"}],"about":[{"href":"https:\/\/coletteartsetmatieres.com\/index.php\/wp-json\/wp\/v2\/types\/post"}],"author":[{"embeddable":true,"href":"https:\/\/coletteartsetmatieres.com\/index.php\/wp-json\/wp\/v2\/users\/1"}],"replies":[{"embeddable":true,"href":"https:\/\/coletteartsetmatieres.com\/index.php\/wp-json\/wp\/v2\/comments?post=1899"}],"version-history":[{"count":1,"href":"https:\/\/coletteartsetmatieres.com\/index.php\/wp-json\/wp\/v2\/posts\/1899\/revisions"}],"predecessor-version":[{"id":1903,"href":"https:\/\/coletteartsetmatieres.com\/index.php\/wp-json\/wp\/v2\/posts\/1899\/revisions\/1903"}],"wp:attachment":[{"href":"https:\/\/coletteartsetmatieres.com\/index.php\/wp-json\/wp\/v2\/media?parent=1899"}],"wp:term":[{"taxonomy":"category","embeddable":true,"href":"https:\/\/coletteartsetmatieres.com\/index.php\/wp-json\/wp\/v2\/categories?post=1899"},{"taxonomy":"post_tag","embeddable":true,"href":"https:\/\/coletteartsetmatieres.com\/index.php\/wp-json\/wp\/v2\/tags?post=1899"}],"curies":[{"name":"wp","href":"https:\/\/api.w.org\/{rel}","templated":true}]}}