{"id":1969,"date":"2023-06-21T15:09:51","date_gmt":"2023-06-21T13:09:51","guid":{"rendered":"https:\/\/coletteartsetmatieres.com\/?p=1969"},"modified":"2023-06-21T15:09:54","modified_gmt":"2023-06-21T13:09:54","slug":"kleopatres","status":"publish","type":"post","link":"https:\/\/coletteartsetmatieres.com\/index.php\/2023\/06\/21\/kleopatres\/","title":{"rendered":"Concours \u00ab\u00a0Les Kl\u00e9op\u00e2tres\u00a0\u00bb 2023"},"content":{"rendered":"\n<p>Le mardi 20 juin 2023 \u00e0 Tours, France<\/p>\n\n\n\n<p>Colette Dubreil, fondatrice et chef d&rsquo;entreprise de Colette Arts et mati\u00e8res, m\u00e9rite toutes nos f\u00e9licitations pour sa remarquable r\u00e9compense au concours\u00a0Les Kl\u00e9op\u00e2tres, organis\u00e9 par l&rsquo;association Touraine Women. Ce concours met en lumi\u00e8re les femmes entrepreneuses de la r\u00e9gion et rev\u00eat une importance capitale pour promouvoir l&rsquo;\u00e9galit\u00e9 des genres et la reconnaissance des talents f\u00e9minins, dans un milieu o\u00f9 la repr\u00e9sentativit\u00e9 f\u00e9minine reste moindre.<\/p>\n\n\n\n<p>Initi\u00e9 par l&rsquo;association Touraine Women, le concours surnomm\u00e9 les c\u00e9sars de l&rsquo;entrepreneuriat par les femmes, vise \u00e0 soutenir et mettre en avant les femmes chef d&rsquo;entreprise. Au-del\u00e0 de la r\u00e9compense, cette comp\u00e9tition a pour objectif de favoriser les collaborations fructueuses entre les entrepreneuses et les actrices du territoire, cr\u00e9ant ainsi des liens pr\u00e9cieux.<\/p>\n\n\n\n<p>Une fois de plus, toutes nos f\u00e9licitations \u00e0 Colette Dubreil laur\u00e9ate au concours les Kl\u00e9op\u00e2tres\u00a0!<\/p>\n\n\n\n<figure class=\"wp-block-gallery has-nested-images columns-default is-cropped wp-block-gallery-1 is-layout-flex wp-block-gallery-is-layout-flex\">\n<figure class=\"wp-block-image size-large\"><img loading=\"lazy\" decoding=\"async\" width=\"947\" height=\"241\" data-id=\"1970\" src=\"https:\/\/coletteartsetmatieres.com\/wp-content\/uploads\/2023\/06\/kleopatres.jpg\" alt=\"\" class=\"wp-image-1970\" srcset=\"https:\/\/coletteartsetmatieres.com\/wp-content\/uploads\/2023\/06\/kleopatres.jpg 947w, https:\/\/coletteartsetmatieres.com\/wp-content\/uploads\/2023\/06\/kleopatres-300x76.jpg 300w, https:\/\/coletteartsetmatieres.com\/wp-content\/uploads\/2023\/06\/kleopatres-768x195.jpg 768w, https:\/\/coletteartsetmatieres.com\/wp-content\/uploads\/2023\/06\/kleopatres-500x127.jpg 500w, https:\/\/coletteartsetmatieres.com\/wp-content\/uploads\/2023\/06\/kleopatres-800x204.jpg 800w, https:\/\/coletteartsetmatieres.com\/wp-content\/uploads\/2023\/06\/kleopatres-350x89.jpg 350w\" sizes=\"(max-width: 767px) 89vw, (max-width: 1000px) 54vw, (max-width: 1071px) 543px, 580px\" \/><\/figure>\n\n\n\n<figure class=\"wp-block-image size-large\"><img loading=\"lazy\" decoding=\"async\" width=\"1024\" height=\"771\" data-id=\"1973\" src=\"https:\/\/coletteartsetmatieres.com\/wp-content\/uploads\/2023\/06\/IMG20230620211232-1024x771.jpg\" alt=\"\" class=\"wp-image-1973\" srcset=\"https:\/\/coletteartsetmatieres.com\/wp-content\/uploads\/2023\/06\/IMG20230620211232-1024x771.jpg 1024w, https:\/\/coletteartsetmatieres.com\/wp-content\/uploads\/2023\/06\/IMG20230620211232-300x226.jpg 300w, https:\/\/coletteartsetmatieres.com\/wp-content\/uploads\/2023\/06\/IMG20230620211232-768x578.jpg 768w, https:\/\/coletteartsetmatieres.com\/wp-content\/uploads\/2023\/06\/IMG20230620211232-500x376.jpg 500w, https:\/\/coletteartsetmatieres.com\/wp-content\/uploads\/2023\/06\/IMG20230620211232-800x602.jpg 800w, https:\/\/coletteartsetmatieres.com\/wp-content\/uploads\/2023\/06\/IMG20230620211232-1280x964.jpg 1280w, https:\/\/coletteartsetmatieres.com\/wp-content\/uploads\/2023\/06\/IMG20230620211232-1920x1446.jpg 1920w, https:\/\/coletteartsetmatieres.com\/wp-content\/uploads\/2023\/06\/IMG20230620211232-1536x1157.jpg 1536w, https:\/\/coletteartsetmatieres.com\/wp-content\/uploads\/2023\/06\/IMG20230620211232-2048x1542.jpg 2048w, https:\/\/coletteartsetmatieres.com\/wp-content\/uploads\/2023\/06\/IMG20230620211232-350x264.jpg 350w\" sizes=\"(max-width: 767px) 89vw, (max-width: 1000px) 54vw, (max-width: 1071px) 543px, 580px\" \/><\/figure>\n\n\n\n<figure class=\"wp-block-image size-large\"><img loading=\"lazy\" decoding=\"async\" width=\"768\" height=\"1024\" data-id=\"1971\" src=\"https:\/\/coletteartsetmatieres.com\/wp-content\/uploads\/2023\/06\/IMG20230620213619-768x1024.jpg\" alt=\"\" class=\"wp-image-1971\" srcset=\"https:\/\/coletteartsetmatieres.com\/wp-content\/uploads\/2023\/06\/IMG20230620213619-768x1024.jpg 768w, https:\/\/coletteartsetmatieres.com\/wp-content\/uploads\/2023\/06\/IMG20230620213619-225x300.jpg 225w, https:\/\/coletteartsetmatieres.com\/wp-content\/uploads\/2023\/06\/IMG20230620213619-500x667.jpg 500w, https:\/\/coletteartsetmatieres.com\/wp-content\/uploads\/2023\/06\/IMG20230620213619-800x1067.jpg 800w, https:\/\/coletteartsetmatieres.com\/wp-content\/uploads\/2023\/06\/IMG20230620213619-1280x1707.jpg 1280w, https:\/\/coletteartsetmatieres.com\/wp-content\/uploads\/2023\/06\/IMG20230620213619-scaled.jpg 1920w, https:\/\/coletteartsetmatieres.com\/wp-content\/uploads\/2023\/06\/IMG20230620213619-1152x1536.jpg 1152w, https:\/\/coletteartsetmatieres.com\/wp-content\/uploads\/2023\/06\/IMG20230620213619-1536x2048.jpg 1536w, https:\/\/coletteartsetmatieres.com\/wp-content\/uploads\/2023\/06\/IMG20230620213619-350x467.jpg 350w\" sizes=\"(max-width: 767px) 89vw, (max-width: 1000px) 54vw, (max-width: 1071px) 543px, 580px\" \/><\/figure>\n<\/figure>\n","protected":false},"excerpt":{"rendered":"<p>Le mardi 20 juin 2023 \u00e0 Tours, France Colette Dubreil, fondatrice et chef d&rsquo;entreprise de Colette Arts et mati\u00e8res, m\u00e9rite toutes nos f\u00e9licitations pour sa remarquable r\u00e9compense au concours\u00a0Les Kl\u00e9op\u00e2tres, organis\u00e9 par l&rsquo;association Touraine Women. Ce concours met en lumi\u00e8re les femmes entrepreneuses de la r\u00e9gion et rev\u00eat une importance capitale pour promouvoir l&rsquo;\u00e9galit\u00e9 des &hellip; <\/p>\n<p class=\"link-more\"><a href=\"https:\/\/coletteartsetmatieres.com\/index.php\/2023\/06\/21\/kleopatres\/\" class=\"more-link\">Continuer la lecture<span class=\"screen-reader-text\"> de &laquo;&nbsp;Concours \u00ab\u00a0Les Kl\u00e9op\u00e2tres\u00a0\u00bb 2023&nbsp;&raquo;<\/span><\/a><\/p>\n","protected":false},"author":1,"featured_media":0,"comment_status":"open","ping_status":"open","sticky":false,"template":"","format":"standard","meta":{"footnotes":"","_vp_format_video_url":"","_vp_image_focal_point":[]},"categories":[1],"tags":[],"yoast_head":"<!-- This site is optimized with the Yoast SEO plugin v19.8 - https:\/\/yoast.com\/wordpress\/plugins\/seo\/ -->\n<title>Concours &quot;Les Kl\u00e9op\u00e2tres&quot; 2023 - Colette Arts et Mati\u00e8res.<\/title>\n<meta name=\"description\" content=\"Colette Dubreil, fondatrice de Colette Arts et mati\u00e8res, m\u00e9rite toutes nos f\u00e9licitations pour sa r\u00e9compense au concours\u00a0Les Kl\u00e9op\u00e2tres,\" \/>\n<meta name=\"robots\" content=\"index, follow, max-snippet:-1, max-image-preview:large, max-video-preview:-1\" \/>\n<link rel=\"canonical\" href=\"https:\/\/coletteartsetmatieres.com\/index.php\/2023\/06\/21\/kleopatres\/\" \/>\n<meta property=\"og:locale\" content=\"fr_FR\" \/>\n<meta property=\"og:type\" content=\"article\" \/>\n<meta property=\"og:title\" content=\"Concours &quot;Les Kl\u00e9op\u00e2tres&quot; 2023 - Colette Arts et Mati\u00e8res.\" \/>\n<meta property=\"og:description\" content=\"Colette Dubreil, fondatrice de Colette Arts et mati\u00e8res, m\u00e9rite toutes nos f\u00e9licitations pour sa r\u00e9compense au concours\u00a0Les Kl\u00e9op\u00e2tres,\" \/>\n<meta property=\"og:url\" content=\"https:\/\/coletteartsetmatieres.com\/index.php\/2023\/06\/21\/kleopatres\/\" \/>\n<meta property=\"og:site_name\" content=\"Colette Arts et Mati\u00e8res.\" \/>\n<meta property=\"article:published_time\" content=\"2023-06-21T13:09:51+00:00\" \/>\n<meta property=\"article:modified_time\" content=\"2023-06-21T13:09:54+00:00\" \/>\n<meta property=\"og:image\" content=\"https:\/\/coletteartsetmatieres.com\/wp-content\/uploads\/2023\/06\/kleopatres.jpg\" \/>\n<meta name=\"author\" content=\"admin1002\" \/>\n<meta name=\"twitter:card\" content=\"summary_large_image\" \/>\n<meta name=\"twitter:label1\" content=\"\u00c9crit par\" \/>\n\t<meta name=\"twitter:data1\" content=\"admin1002\" \/>\n\t<meta name=\"twitter:label2\" content=\"Dur\u00e9e de lecture estim\u00e9e\" \/>\n\t<meta name=\"twitter:data2\" content=\"2 minutes\" \/>\n<script type=\"application\/ld+json\" class=\"yoast-schema-graph\">{\"@context\":\"https:\/\/schema.org\",\"@graph\":[{\"@type\":\"Article\",\"@id\":\"https:\/\/coletteartsetmatieres.com\/index.php\/2023\/06\/21\/kleopatres\/#article\",\"isPartOf\":{\"@id\":\"https:\/\/coletteartsetmatieres.com\/index.php\/2023\/06\/21\/kleopatres\/\"},\"author\":{\"name\":\"admin1002\",\"@id\":\"https:\/\/coletteartsetmatieres.com\/#\/schema\/person\/7e0222ac6e14507002eac1cbb27569a0\"},\"headline\":\"Concours \u00ab\u00a0Les Kl\u00e9op\u00e2tres\u00a0\u00bb 2023\",\"datePublished\":\"2023-06-21T13:09:51+00:00\",\"dateModified\":\"2023-06-21T13:09:54+00:00\",\"mainEntityOfPage\":{\"@id\":\"https:\/\/coletteartsetmatieres.com\/index.php\/2023\/06\/21\/kleopatres\/\"},\"wordCount\":162,\"commentCount\":0,\"publisher\":{\"@id\":\"https:\/\/coletteartsetmatieres.com\/#organization\"},\"inLanguage\":\"fr-FR\",\"potentialAction\":[{\"@type\":\"CommentAction\",\"name\":\"Comment\",\"target\":[\"https:\/\/coletteartsetmatieres.com\/index.php\/2023\/06\/21\/kleopatres\/#respond\"]}]},{\"@type\":\"WebPage\",\"@id\":\"https:\/\/coletteartsetmatieres.com\/index.php\/2023\/06\/21\/kleopatres\/\",\"url\":\"https:\/\/coletteartsetmatieres.com\/index.php\/2023\/06\/21\/kleopatres\/\",\"name\":\"Concours \\\"Les Kl\u00e9op\u00e2tres\\\" 2023 - Colette Arts et Mati\u00e8res.\",\"isPartOf\":{\"@id\":\"https:\/\/coletteartsetmatieres.com\/#website\"},\"datePublished\":\"2023-06-21T13:09:51+00:00\",\"dateModified\":\"2023-06-21T13:09:54+00:00\",\"description\":\"Colette Dubreil, fondatrice de Colette Arts et mati\u00e8res, m\u00e9rite toutes nos f\u00e9licitations pour sa r\u00e9compense au concours\u00a0Les Kl\u00e9op\u00e2tres,\",\"breadcrumb\":{\"@id\":\"https:\/\/coletteartsetmatieres.com\/index.php\/2023\/06\/21\/kleopatres\/#breadcrumb\"},\"inLanguage\":\"fr-FR\",\"potentialAction\":[{\"@type\":\"ReadAction\",\"target\":[\"https:\/\/coletteartsetmatieres.com\/index.php\/2023\/06\/21\/kleopatres\/\"]}]},{\"@type\":\"BreadcrumbList\",\"@id\":\"https:\/\/coletteartsetmatieres.com\/index.php\/2023\/06\/21\/kleopatres\/#breadcrumb\",\"itemListElement\":[{\"@type\":\"ListItem\",\"position\":1,\"name\":\"Accueil\",\"item\":\"https:\/\/coletteartsetmatieres.com\/\"},{\"@type\":\"ListItem\",\"position\":2,\"name\":\"Concours \u00ab\u00a0Les Kl\u00e9op\u00e2tres\u00a0\u00bb 2023\"}]},{\"@type\":\"WebSite\",\"@id\":\"https:\/\/coletteartsetmatieres.com\/#website\",\"url\":\"https:\/\/coletteartsetmatieres.com\/\",\"name\":\"Colette Arts et Mati\u00e8res.\",\"description\":\"   L&#039;Art du V\u00e9g\u00e9tal et de la Fleur stables et durables\",\"publisher\":{\"@id\":\"https:\/\/coletteartsetmatieres.com\/#organization\"},\"potentialAction\":[{\"@type\":\"SearchAction\",\"target\":{\"@type\":\"EntryPoint\",\"urlTemplate\":\"https:\/\/coletteartsetmatieres.com\/?s={search_term_string}\"},\"query-input\":\"required name=search_term_string\"}],\"inLanguage\":\"fr-FR\"},{\"@type\":\"Organization\",\"@id\":\"https:\/\/coletteartsetmatieres.com\/#organization\",\"name\":\"Colette Arts et Mati\u00e8res.\",\"url\":\"https:\/\/coletteartsetmatieres.com\/\",\"sameAs\":[],\"logo\":{\"@type\":\"ImageObject\",\"inLanguage\":\"fr-FR\",\"@id\":\"https:\/\/coletteartsetmatieres.com\/#\/schema\/logo\/image\/\",\"url\":\"https:\/\/coletteartsetmatieres.com\/wp-content\/uploads\/2020\/03\/cropped-Coletteartsetmatieres_logotype-2.png\",\"contentUrl\":\"https:\/\/coletteartsetmatieres.com\/wp-content\/uploads\/2020\/03\/cropped-Coletteartsetmatieres_logotype-2.png\",\"width\":409,\"height\":250,\"caption\":\"    Colette Arts et Mati\u00e8res. \"},\"image\":{\"@id\":\"https:\/\/coletteartsetmatieres.com\/#\/schema\/logo\/image\/\"}},{\"@type\":\"Person\",\"@id\":\"https:\/\/coletteartsetmatieres.com\/#\/schema\/person\/7e0222ac6e14507002eac1cbb27569a0\",\"name\":\"admin1002\",\"image\":{\"@type\":\"ImageObject\",\"inLanguage\":\"fr-FR\",\"@id\":\"https:\/\/coletteartsetmatieres.com\/#\/schema\/person\/image\/\",\"url\":\"https:\/\/secure.gravatar.com\/avatar\/004bba7218d1f0c8ae1ebdea48a2bc0e?s=96&d=mm&r=g\",\"contentUrl\":\"https:\/\/secure.gravatar.com\/avatar\/004bba7218d1f0c8ae1ebdea48a2bc0e?s=96&d=mm&r=g\",\"caption\":\"admin1002\"},\"url\":\"https:\/\/coletteartsetmatieres.com\/index.php\/author\/admin1002\/\"}]}<\/script>\n<!-- \/ Yoast SEO plugin. -->","yoast_head_json":{"title":"Concours \"Les Kl\u00e9op\u00e2tres\" 2023 - Colette Arts et Mati\u00e8res.","description":"Colette Dubreil, fondatrice de Colette Arts et mati\u00e8res, m\u00e9rite toutes nos f\u00e9licitations pour sa r\u00e9compense au concours\u00a0Les Kl\u00e9op\u00e2tres,","robots":{"index":"index","follow":"follow","max-snippet":"max-snippet:-1","max-image-preview":"max-image-preview:large","max-video-preview":"max-video-preview:-1"},"canonical":"https:\/\/coletteartsetmatieres.com\/index.php\/2023\/06\/21\/kleopatres\/","og_locale":"fr_FR","og_type":"article","og_title":"Concours \"Les Kl\u00e9op\u00e2tres\" 2023 - Colette Arts et Mati\u00e8res.","og_description":"Colette Dubreil, fondatrice de Colette Arts et mati\u00e8res, m\u00e9rite toutes nos f\u00e9licitations pour sa r\u00e9compense au concours\u00a0Les Kl\u00e9op\u00e2tres,","og_url":"https:\/\/coletteartsetmatieres.com\/index.php\/2023\/06\/21\/kleopatres\/","og_site_name":"Colette Arts et Mati\u00e8res.","article_published_time":"2023-06-21T13:09:51+00:00","article_modified_time":"2023-06-21T13:09:54+00:00","og_image":[{"url":"https:\/\/coletteartsetmatieres.com\/wp-content\/uploads\/2023\/06\/kleopatres.jpg"}],"author":"admin1002","twitter_card":"summary_large_image","twitter_misc":{"\u00c9crit par":"admin1002","Dur\u00e9e de lecture estim\u00e9e":"2 minutes"},"schema":{"@context":"https:\/\/schema.org","@graph":[{"@type":"Article","@id":"https:\/\/coletteartsetmatieres.com\/index.php\/2023\/06\/21\/kleopatres\/#article","isPartOf":{"@id":"https:\/\/coletteartsetmatieres.com\/index.php\/2023\/06\/21\/kleopatres\/"},"author":{"name":"admin1002","@id":"https:\/\/coletteartsetmatieres.com\/#\/schema\/person\/7e0222ac6e14507002eac1cbb27569a0"},"headline":"Concours \u00ab\u00a0Les Kl\u00e9op\u00e2tres\u00a0\u00bb 2023","datePublished":"2023-06-21T13:09:51+00:00","dateModified":"2023-06-21T13:09:54+00:00","mainEntityOfPage":{"@id":"https:\/\/coletteartsetmatieres.com\/index.php\/2023\/06\/21\/kleopatres\/"},"wordCount":162,"commentCount":0,"publisher":{"@id":"https:\/\/coletteartsetmatieres.com\/#organization"},"inLanguage":"fr-FR","potentialAction":[{"@type":"CommentAction","name":"Comment","target":["https:\/\/coletteartsetmatieres.com\/index.php\/2023\/06\/21\/kleopatres\/#respond"]}]},{"@type":"WebPage","@id":"https:\/\/coletteartsetmatieres.com\/index.php\/2023\/06\/21\/kleopatres\/","url":"https:\/\/coletteartsetmatieres.com\/index.php\/2023\/06\/21\/kleopatres\/","name":"Concours \"Les Kl\u00e9op\u00e2tres\" 2023 - Colette Arts et Mati\u00e8res.","isPartOf":{"@id":"https:\/\/coletteartsetmatieres.com\/#website"},"datePublished":"2023-06-21T13:09:51+00:00","dateModified":"2023-06-21T13:09:54+00:00","description":"Colette Dubreil, fondatrice de Colette Arts et mati\u00e8res, m\u00e9rite toutes nos f\u00e9licitations pour sa r\u00e9compense au concours\u00a0Les Kl\u00e9op\u00e2tres,","breadcrumb":{"@id":"https:\/\/coletteartsetmatieres.com\/index.php\/2023\/06\/21\/kleopatres\/#breadcrumb"},"inLanguage":"fr-FR","potentialAction":[{"@type":"ReadAction","target":["https:\/\/coletteartsetmatieres.com\/index.php\/2023\/06\/21\/kleopatres\/"]}]},{"@type":"BreadcrumbList","@id":"https:\/\/coletteartsetmatieres.com\/index.php\/2023\/06\/21\/kleopatres\/#breadcrumb","itemListElement":[{"@type":"ListItem","position":1,"name":"Accueil","item":"https:\/\/coletteartsetmatieres.com\/"},{"@type":"ListItem","position":2,"name":"Concours \u00ab\u00a0Les Kl\u00e9op\u00e2tres\u00a0\u00bb 2023"}]},{"@type":"WebSite","@id":"https:\/\/coletteartsetmatieres.com\/#website","url":"https:\/\/coletteartsetmatieres.com\/","name":"Colette Arts et Mati\u00e8res.","description":"   L&#039;Art du V\u00e9g\u00e9tal et de la Fleur stables et durables","publisher":{"@id":"https:\/\/coletteartsetmatieres.com\/#organization"},"potentialAction":[{"@type":"SearchAction","target":{"@type":"EntryPoint","urlTemplate":"https:\/\/coletteartsetmatieres.com\/?s={search_term_string}"},"query-input":"required name=search_term_string"}],"inLanguage":"fr-FR"},{"@type":"Organization","@id":"https:\/\/coletteartsetmatieres.com\/#organization","name":"Colette Arts et Mati\u00e8res.","url":"https:\/\/coletteartsetmatieres.com\/","sameAs":[],"logo":{"@type":"ImageObject","inLanguage":"fr-FR","@id":"https:\/\/coletteartsetmatieres.com\/#\/schema\/logo\/image\/","url":"https:\/\/coletteartsetmatieres.com\/wp-content\/uploads\/2020\/03\/cropped-Coletteartsetmatieres_logotype-2.png","contentUrl":"https:\/\/coletteartsetmatieres.com\/wp-content\/uploads\/2020\/03\/cropped-Coletteartsetmatieres_logotype-2.png","width":409,"height":250,"caption":"    Colette Arts et Mati\u00e8res. "},"image":{"@id":"https:\/\/coletteartsetmatieres.com\/#\/schema\/logo\/image\/"}},{"@type":"Person","@id":"https:\/\/coletteartsetmatieres.com\/#\/schema\/person\/7e0222ac6e14507002eac1cbb27569a0","name":"admin1002","image":{"@type":"ImageObject","inLanguage":"fr-FR","@id":"https:\/\/coletteartsetmatieres.com\/#\/schema\/person\/image\/","url":"https:\/\/secure.gravatar.com\/avatar\/004bba7218d1f0c8ae1ebdea48a2bc0e?s=96&d=mm&r=g","contentUrl":"https:\/\/secure.gravatar.com\/avatar\/004bba7218d1f0c8ae1ebdea48a2bc0e?s=96&d=mm&r=g","caption":"admin1002"},"url":"https:\/\/coletteartsetmatieres.com\/index.php\/author\/admin1002\/"}]}},"_links":{"self":[{"href":"https:\/\/coletteartsetmatieres.com\/index.php\/wp-json\/wp\/v2\/posts\/1969"}],"collection":[{"href":"https:\/\/coletteartsetmatieres.com\/index.php\/wp-json\/wp\/v2\/posts"}],"about":[{"href":"https:\/\/coletteartsetmatieres.com\/index.php\/wp-json\/wp\/v2\/types\/post"}],"author":[{"embeddable":true,"href":"https:\/\/coletteartsetmatieres.com\/index.php\/wp-json\/wp\/v2\/users\/1"}],"replies":[{"embeddable":true,"href":"https:\/\/coletteartsetmatieres.com\/index.php\/wp-json\/wp\/v2\/comments?post=1969"}],"version-history":[{"count":1,"href":"https:\/\/coletteartsetmatieres.com\/index.php\/wp-json\/wp\/v2\/posts\/1969\/revisions"}],"predecessor-version":[{"id":1974,"href":"https:\/\/coletteartsetmatieres.com\/index.php\/wp-json\/wp\/v2\/posts\/1969\/revisions\/1974"}],"wp:attachment":[{"href":"https:\/\/coletteartsetmatieres.com\/index.php\/wp-json\/wp\/v2\/media?parent=1969"}],"wp:term":[{"taxonomy":"category","embeddable":true,"href":"https:\/\/coletteartsetmatieres.com\/index.php\/wp-json\/wp\/v2\/categories?post=1969"},{"taxonomy":"post_tag","embeddable":true,"href":"https:\/\/coletteartsetmatieres.com\/index.php\/wp-json\/wp\/v2\/tags?post=1969"}],"curies":[{"name":"wp","href":"https:\/\/api.w.org\/{rel}","templated":true}]}}