{"id":1980,"date":"2023-11-30T04:16:42","date_gmt":"2023-11-30T03:16:42","guid":{"rendered":"https:\/\/coletteartsetmatieres.com\/?p=1980"},"modified":"2023-11-30T04:31:38","modified_gmt":"2023-11-30T03:31:38","slug":"marches-de-noel-2023-fleurs-eternelles","status":"publish","type":"post","link":"https:\/\/coletteartsetmatieres.com\/index.php\/2023\/11\/30\/marches-de-noel-2023-fleurs-eternelles\/","title":{"rendered":"March\u00e9s de No\u00ebl 2023; fleurs eternelles"},"content":{"rendered":"\n<h2 class=\"wp-block-heading has-medium-font-size\">Des Id\u00e9es Cadeaux, D\u00e9corations Intemporelles, Fleurs eternelles et sans entretien; L&rsquo;originalit\u00e9, et La nature !<\/h2>\n\n\n\n<div class=\"wp-block-columns is-layout-flex wp-container-core-columns-layout-1 wp-block-columns-is-layout-flex\">\n<div class=\"wp-block-column is-layout-flow wp-block-column-is-layout-flow\" style=\"flex-basis:50%\">\n<ul class=\"has-medium-font-size\">\n<li>les 25 et 26 Novembre \u00e0 la salle des f\u00eates de chanceaux sur Choisille<\/li>\n\n\n\n<li>les 2 et 3 d\u00e9cembre \u00e0 l&rsquo;espace MAME \u00e0 Tours, boulevard de Preuilly.<\/li>\n\n\n\n<li>les 9 et 10 D\u00e9cembre au ch\u00e2teau de Moncontour \u00e0 Vouvray<\/li>\n\n\n\n<li>le samedi 15 au march\u00e9 de Rochecorbon<\/li>\n\n\n\n<li>le dimanche 17 au march\u00e9 d&rsquo;Amboise<\/li>\n<\/ul>\n<\/div>\n\n\n\n<div class=\"wp-block-column is-layout-flow wp-block-column-is-layout-flow\" style=\"flex-basis:50%\">\n<figure class=\"wp-block-image size-large\"><img loading=\"lazy\" decoding=\"async\" width=\"724\" height=\"1024\" src=\"https:\/\/coletteartsetmatieres.com\/wp-content\/uploads\/2023\/11\/08-Decembre-2022-0-PARTIR-DE-15H-2-724x1024.png\" alt=\"\" class=\"wp-image-1984\" srcset=\"https:\/\/coletteartsetmatieres.com\/wp-content\/uploads\/2023\/11\/08-Decembre-2022-0-PARTIR-DE-15H-2-724x1024.png 724w, https:\/\/coletteartsetmatieres.com\/wp-content\/uploads\/2023\/11\/08-Decembre-2022-0-PARTIR-DE-15H-2-212x300.png 212w, https:\/\/coletteartsetmatieres.com\/wp-content\/uploads\/2023\/11\/08-Decembre-2022-0-PARTIR-DE-15H-2-768x1086.png 768w, https:\/\/coletteartsetmatieres.com\/wp-content\/uploads\/2023\/11\/08-Decembre-2022-0-PARTIR-DE-15H-2-500x707.png 500w, https:\/\/coletteartsetmatieres.com\/wp-content\/uploads\/2023\/11\/08-Decembre-2022-0-PARTIR-DE-15H-2-800x1132.png 800w, https:\/\/coletteartsetmatieres.com\/wp-content\/uploads\/2023\/11\/08-Decembre-2022-0-PARTIR-DE-15H-2-1280x1811.png 1280w, https:\/\/coletteartsetmatieres.com\/wp-content\/uploads\/2023\/11\/08-Decembre-2022-0-PARTIR-DE-15H-2-1086x1536.png 1086w, https:\/\/coletteartsetmatieres.com\/wp-content\/uploads\/2023\/11\/08-Decembre-2022-0-PARTIR-DE-15H-2-1448x2048.png 1448w, https:\/\/coletteartsetmatieres.com\/wp-content\/uploads\/2023\/11\/08-Decembre-2022-0-PARTIR-DE-15H-2-350x495.png 350w, https:\/\/coletteartsetmatieres.com\/wp-content\/uploads\/2023\/11\/08-Decembre-2022-0-PARTIR-DE-15H-2.png 1587w\" sizes=\"(max-width: 724px) 100vw, 724px\" \/><\/figure>\n<\/div>\n<\/div>\n","protected":false},"excerpt":{"rendered":"<p>Des Id\u00e9es Cadeaux, D\u00e9corations Intemporelles, Fleurs eternelles et sans entretien; L&rsquo;originalit\u00e9, et La nature !<\/p>\n","protected":false},"author":1,"featured_media":0,"comment_status":"closed","ping_status":"open","sticky":false,"template":"","format":"standard","meta":{"footnotes":"","_vp_format_video_url":"","_vp_image_focal_point":[]},"categories":[1],"tags":[91,86,89,83,87,82,81,84,88,90],"yoast_head":"<!-- This site is optimized with the Yoast SEO plugin v19.8 - https:\/\/yoast.com\/wordpress\/plugins\/seo\/ -->\n<title>March\u00e9s de No\u00ebl 2023; fleurs eternelles - Colette Arts et Mati\u00e8res.<\/title>\n<meta name=\"description\" content=\"Retrouvez mes compositions florales, tableaux v\u00e9g\u00e9taux sur les march\u00e9s de no\u00ebl dans la r\u00e9gion Touraine , tours et Amboise, Vouvray, %\" \/>\n<meta name=\"robots\" content=\"index, follow, max-snippet:-1, max-image-preview:large, max-video-preview:-1\" \/>\n<link rel=\"canonical\" href=\"https:\/\/coletteartsetmatieres.com\/index.php\/2023\/11\/30\/marches-de-noel-2023-fleurs-eternelles\/\" \/>\n<meta property=\"og:locale\" content=\"fr_FR\" \/>\n<meta property=\"og:type\" content=\"article\" \/>\n<meta property=\"og:title\" content=\"March\u00e9s de No\u00ebl 2023; fleurs eternelles - Colette Arts et Mati\u00e8res.\" \/>\n<meta property=\"og:description\" content=\"Retrouvez mes compositions florales, tableaux v\u00e9g\u00e9taux sur les march\u00e9s de no\u00ebl dans la r\u00e9gion Touraine , tours et Amboise, Vouvray, %\" \/>\n<meta property=\"og:url\" content=\"https:\/\/coletteartsetmatieres.com\/index.php\/2023\/11\/30\/marches-de-noel-2023-fleurs-eternelles\/\" \/>\n<meta property=\"og:site_name\" content=\"Colette Arts et Mati\u00e8res.\" \/>\n<meta property=\"article:published_time\" content=\"2023-11-30T03:16:42+00:00\" \/>\n<meta property=\"article:modified_time\" content=\"2023-11-30T03:31:38+00:00\" \/>\n<meta property=\"og:image\" content=\"https:\/\/coletteartsetmatieres.com\/wp-content\/uploads\/2023\/11\/08-Decembre-2022-0-PARTIR-DE-15H-2-724x1024.png\" \/>\n<meta name=\"author\" content=\"admin1002\" \/>\n<meta name=\"twitter:card\" content=\"summary_large_image\" \/>\n<meta name=\"twitter:label1\" content=\"\u00c9crit par\" \/>\n\t<meta name=\"twitter:data1\" content=\"admin1002\" \/>\n<script type=\"application\/ld+json\" class=\"yoast-schema-graph\">{\"@context\":\"https:\/\/schema.org\",\"@graph\":[{\"@type\":\"NewsArticle\",\"@id\":\"https:\/\/coletteartsetmatieres.com\/index.php\/2023\/11\/30\/marches-de-noel-2023-fleurs-eternelles\/#article\",\"isPartOf\":{\"@id\":\"https:\/\/coletteartsetmatieres.com\/index.php\/2023\/11\/30\/marches-de-noel-2023-fleurs-eternelles\/\"},\"author\":{\"name\":\"admin1002\",\"@id\":\"https:\/\/coletteartsetmatieres.com\/#\/schema\/person\/7e0222ac6e14507002eac1cbb27569a0\"},\"headline\":\"March\u00e9s de No\u00ebl 2023; fleurs eternelles\",\"datePublished\":\"2023-11-30T03:16:42+00:00\",\"dateModified\":\"2023-11-30T03:31:38+00:00\",\"mainEntityOfPage\":{\"@id\":\"https:\/\/coletteartsetmatieres.com\/index.php\/2023\/11\/30\/marches-de-noel-2023-fleurs-eternelles\/\"},\"wordCount\":66,\"publisher\":{\"@id\":\"https:\/\/coletteartsetmatieres.com\/#organization\"},\"keywords\":[\"artfloraltours\",\"compositionsflorales\",\"compositionsfloralestouraine\",\"fleurs\",\"fleurs stabilis\u00e9es\",\"march\u00e9denoel\",\"no\u00ebl\",\"roseseternelles\",\"tableauxv\u00e9g\u00e9taux\",\"tours\"],\"inLanguage\":\"fr-FR\"},{\"@type\":[\"WebPage\",\"SearchResultsPage\"],\"@id\":\"https:\/\/coletteartsetmatieres.com\/index.php\/2023\/11\/30\/marches-de-noel-2023-fleurs-eternelles\/\",\"url\":\"https:\/\/coletteartsetmatieres.com\/index.php\/2023\/11\/30\/marches-de-noel-2023-fleurs-eternelles\/\",\"name\":\"March\u00e9s de No\u00ebl 2023; fleurs eternelles - Colette Arts et Mati\u00e8res.\",\"isPartOf\":{\"@id\":\"https:\/\/coletteartsetmatieres.com\/#website\"},\"datePublished\":\"2023-11-30T03:16:42+00:00\",\"dateModified\":\"2023-11-30T03:31:38+00:00\",\"description\":\"Retrouvez mes compositions florales, tableaux v\u00e9g\u00e9taux sur les march\u00e9s de no\u00ebl dans la r\u00e9gion Touraine , tours et Amboise, Vouvray, %\",\"breadcrumb\":{\"@id\":\"https:\/\/coletteartsetmatieres.com\/index.php\/2023\/11\/30\/marches-de-noel-2023-fleurs-eternelles\/#breadcrumb\"},\"inLanguage\":\"fr-FR\",\"potentialAction\":[{\"@type\":\"ReadAction\",\"target\":[\"https:\/\/coletteartsetmatieres.com\/index.php\/2023\/11\/30\/marches-de-noel-2023-fleurs-eternelles\/\"]}]},{\"@type\":\"BreadcrumbList\",\"@id\":\"https:\/\/coletteartsetmatieres.com\/index.php\/2023\/11\/30\/marches-de-noel-2023-fleurs-eternelles\/#breadcrumb\",\"itemListElement\":[{\"@type\":\"ListItem\",\"position\":1,\"name\":\"Accueil\",\"item\":\"https:\/\/coletteartsetmatieres.com\/\"},{\"@type\":\"ListItem\",\"position\":2,\"name\":\"March\u00e9s de No\u00ebl 2023; fleurs eternelles\"}]},{\"@type\":\"WebSite\",\"@id\":\"https:\/\/coletteartsetmatieres.com\/#website\",\"url\":\"https:\/\/coletteartsetmatieres.com\/\",\"name\":\"Colette Arts et Mati\u00e8res.\",\"description\":\"   L&#039;Art du V\u00e9g\u00e9tal et de la Fleur stables et durables\",\"publisher\":{\"@id\":\"https:\/\/coletteartsetmatieres.com\/#organization\"},\"potentialAction\":[{\"@type\":\"SearchAction\",\"target\":{\"@type\":\"EntryPoint\",\"urlTemplate\":\"https:\/\/coletteartsetmatieres.com\/?s={search_term_string}\"},\"query-input\":\"required name=search_term_string\"}],\"inLanguage\":\"fr-FR\"},{\"@type\":\"Organization\",\"@id\":\"https:\/\/coletteartsetmatieres.com\/#organization\",\"name\":\"Colette Arts et Mati\u00e8res.\",\"url\":\"https:\/\/coletteartsetmatieres.com\/\",\"sameAs\":[],\"logo\":{\"@type\":\"ImageObject\",\"inLanguage\":\"fr-FR\",\"@id\":\"https:\/\/coletteartsetmatieres.com\/#\/schema\/logo\/image\/\",\"url\":\"https:\/\/coletteartsetmatieres.com\/wp-content\/uploads\/2020\/03\/cropped-Coletteartsetmatieres_logotype-2.png\",\"contentUrl\":\"https:\/\/coletteartsetmatieres.com\/wp-content\/uploads\/2020\/03\/cropped-Coletteartsetmatieres_logotype-2.png\",\"width\":409,\"height\":250,\"caption\":\"    Colette Arts et Mati\u00e8res. \"},\"image\":{\"@id\":\"https:\/\/coletteartsetmatieres.com\/#\/schema\/logo\/image\/\"}},{\"@type\":\"Person\",\"@id\":\"https:\/\/coletteartsetmatieres.com\/#\/schema\/person\/7e0222ac6e14507002eac1cbb27569a0\",\"name\":\"admin1002\",\"image\":{\"@type\":\"ImageObject\",\"inLanguage\":\"fr-FR\",\"@id\":\"https:\/\/coletteartsetmatieres.com\/#\/schema\/person\/image\/\",\"url\":\"https:\/\/secure.gravatar.com\/avatar\/004bba7218d1f0c8ae1ebdea48a2bc0e?s=96&d=mm&r=g\",\"contentUrl\":\"https:\/\/secure.gravatar.com\/avatar\/004bba7218d1f0c8ae1ebdea48a2bc0e?s=96&d=mm&r=g\",\"caption\":\"admin1002\"},\"url\":\"https:\/\/coletteartsetmatieres.com\/index.php\/author\/admin1002\/\"}]}<\/script>\n<!-- \/ Yoast SEO plugin. -->","yoast_head_json":{"title":"March\u00e9s de No\u00ebl 2023; fleurs eternelles - Colette Arts et Mati\u00e8res.","description":"Retrouvez mes compositions florales, tableaux v\u00e9g\u00e9taux sur les march\u00e9s de no\u00ebl dans la r\u00e9gion Touraine , tours et Amboise, Vouvray, %","robots":{"index":"index","follow":"follow","max-snippet":"max-snippet:-1","max-image-preview":"max-image-preview:large","max-video-preview":"max-video-preview:-1"},"canonical":"https:\/\/coletteartsetmatieres.com\/index.php\/2023\/11\/30\/marches-de-noel-2023-fleurs-eternelles\/","og_locale":"fr_FR","og_type":"article","og_title":"March\u00e9s de No\u00ebl 2023; fleurs eternelles - Colette Arts et Mati\u00e8res.","og_description":"Retrouvez mes compositions florales, tableaux v\u00e9g\u00e9taux sur les march\u00e9s de no\u00ebl dans la r\u00e9gion Touraine , tours et Amboise, Vouvray, %","og_url":"https:\/\/coletteartsetmatieres.com\/index.php\/2023\/11\/30\/marches-de-noel-2023-fleurs-eternelles\/","og_site_name":"Colette Arts et Mati\u00e8res.","article_published_time":"2023-11-30T03:16:42+00:00","article_modified_time":"2023-11-30T03:31:38+00:00","og_image":[{"url":"https:\/\/coletteartsetmatieres.com\/wp-content\/uploads\/2023\/11\/08-Decembre-2022-0-PARTIR-DE-15H-2-724x1024.png"}],"author":"admin1002","twitter_card":"summary_large_image","twitter_misc":{"\u00c9crit par":"admin1002"},"schema":{"@context":"https:\/\/schema.org","@graph":[{"@type":"NewsArticle","@id":"https:\/\/coletteartsetmatieres.com\/index.php\/2023\/11\/30\/marches-de-noel-2023-fleurs-eternelles\/#article","isPartOf":{"@id":"https:\/\/coletteartsetmatieres.com\/index.php\/2023\/11\/30\/marches-de-noel-2023-fleurs-eternelles\/"},"author":{"name":"admin1002","@id":"https:\/\/coletteartsetmatieres.com\/#\/schema\/person\/7e0222ac6e14507002eac1cbb27569a0"},"headline":"March\u00e9s de No\u00ebl 2023; fleurs eternelles","datePublished":"2023-11-30T03:16:42+00:00","dateModified":"2023-11-30T03:31:38+00:00","mainEntityOfPage":{"@id":"https:\/\/coletteartsetmatieres.com\/index.php\/2023\/11\/30\/marches-de-noel-2023-fleurs-eternelles\/"},"wordCount":66,"publisher":{"@id":"https:\/\/coletteartsetmatieres.com\/#organization"},"keywords":["artfloraltours","compositionsflorales","compositionsfloralestouraine","fleurs","fleurs stabilis\u00e9es","march\u00e9denoel","no\u00ebl","roseseternelles","tableauxv\u00e9g\u00e9taux","tours"],"inLanguage":"fr-FR"},{"@type":["WebPage","SearchResultsPage"],"@id":"https:\/\/coletteartsetmatieres.com\/index.php\/2023\/11\/30\/marches-de-noel-2023-fleurs-eternelles\/","url":"https:\/\/coletteartsetmatieres.com\/index.php\/2023\/11\/30\/marches-de-noel-2023-fleurs-eternelles\/","name":"March\u00e9s de No\u00ebl 2023; fleurs eternelles - Colette Arts et Mati\u00e8res.","isPartOf":{"@id":"https:\/\/coletteartsetmatieres.com\/#website"},"datePublished":"2023-11-30T03:16:42+00:00","dateModified":"2023-11-30T03:31:38+00:00","description":"Retrouvez mes compositions florales, tableaux v\u00e9g\u00e9taux sur les march\u00e9s de no\u00ebl dans la r\u00e9gion Touraine , tours et Amboise, Vouvray, %","breadcrumb":{"@id":"https:\/\/coletteartsetmatieres.com\/index.php\/2023\/11\/30\/marches-de-noel-2023-fleurs-eternelles\/#breadcrumb"},"inLanguage":"fr-FR","potentialAction":[{"@type":"ReadAction","target":["https:\/\/coletteartsetmatieres.com\/index.php\/2023\/11\/30\/marches-de-noel-2023-fleurs-eternelles\/"]}]},{"@type":"BreadcrumbList","@id":"https:\/\/coletteartsetmatieres.com\/index.php\/2023\/11\/30\/marches-de-noel-2023-fleurs-eternelles\/#breadcrumb","itemListElement":[{"@type":"ListItem","position":1,"name":"Accueil","item":"https:\/\/coletteartsetmatieres.com\/"},{"@type":"ListItem","position":2,"name":"March\u00e9s de No\u00ebl 2023; fleurs eternelles"}]},{"@type":"WebSite","@id":"https:\/\/coletteartsetmatieres.com\/#website","url":"https:\/\/coletteartsetmatieres.com\/","name":"Colette Arts et Mati\u00e8res.","description":"   L&#039;Art du V\u00e9g\u00e9tal et de la Fleur stables et durables","publisher":{"@id":"https:\/\/coletteartsetmatieres.com\/#organization"},"potentialAction":[{"@type":"SearchAction","target":{"@type":"EntryPoint","urlTemplate":"https:\/\/coletteartsetmatieres.com\/?s={search_term_string}"},"query-input":"required name=search_term_string"}],"inLanguage":"fr-FR"},{"@type":"Organization","@id":"https:\/\/coletteartsetmatieres.com\/#organization","name":"Colette Arts et Mati\u00e8res.","url":"https:\/\/coletteartsetmatieres.com\/","sameAs":[],"logo":{"@type":"ImageObject","inLanguage":"fr-FR","@id":"https:\/\/coletteartsetmatieres.com\/#\/schema\/logo\/image\/","url":"https:\/\/coletteartsetmatieres.com\/wp-content\/uploads\/2020\/03\/cropped-Coletteartsetmatieres_logotype-2.png","contentUrl":"https:\/\/coletteartsetmatieres.com\/wp-content\/uploads\/2020\/03\/cropped-Coletteartsetmatieres_logotype-2.png","width":409,"height":250,"caption":"    Colette Arts et Mati\u00e8res. "},"image":{"@id":"https:\/\/coletteartsetmatieres.com\/#\/schema\/logo\/image\/"}},{"@type":"Person","@id":"https:\/\/coletteartsetmatieres.com\/#\/schema\/person\/7e0222ac6e14507002eac1cbb27569a0","name":"admin1002","image":{"@type":"ImageObject","inLanguage":"fr-FR","@id":"https:\/\/coletteartsetmatieres.com\/#\/schema\/person\/image\/","url":"https:\/\/secure.gravatar.com\/avatar\/004bba7218d1f0c8ae1ebdea48a2bc0e?s=96&d=mm&r=g","contentUrl":"https:\/\/secure.gravatar.com\/avatar\/004bba7218d1f0c8ae1ebdea48a2bc0e?s=96&d=mm&r=g","caption":"admin1002"},"url":"https:\/\/coletteartsetmatieres.com\/index.php\/author\/admin1002\/"}]}},"_links":{"self":[{"href":"https:\/\/coletteartsetmatieres.com\/index.php\/wp-json\/wp\/v2\/posts\/1980"}],"collection":[{"href":"https:\/\/coletteartsetmatieres.com\/index.php\/wp-json\/wp\/v2\/posts"}],"about":[{"href":"https:\/\/coletteartsetmatieres.com\/index.php\/wp-json\/wp\/v2\/types\/post"}],"author":[{"embeddable":true,"href":"https:\/\/coletteartsetmatieres.com\/index.php\/wp-json\/wp\/v2\/users\/1"}],"replies":[{"embeddable":true,"href":"https:\/\/coletteartsetmatieres.com\/index.php\/wp-json\/wp\/v2\/comments?post=1980"}],"version-history":[{"count":2,"href":"https:\/\/coletteartsetmatieres.com\/index.php\/wp-json\/wp\/v2\/posts\/1980\/revisions"}],"predecessor-version":[{"id":1985,"href":"https:\/\/coletteartsetmatieres.com\/index.php\/wp-json\/wp\/v2\/posts\/1980\/revisions\/1985"}],"wp:attachment":[{"href":"https:\/\/coletteartsetmatieres.com\/index.php\/wp-json\/wp\/v2\/media?parent=1980"}],"wp:term":[{"taxonomy":"category","embeddable":true,"href":"https:\/\/coletteartsetmatieres.com\/index.php\/wp-json\/wp\/v2\/categories?post=1980"},{"taxonomy":"post_tag","embeddable":true,"href":"https:\/\/coletteartsetmatieres.com\/index.php\/wp-json\/wp\/v2\/tags?post=1980"}],"curies":[{"name":"wp","href":"https:\/\/api.w.org\/{rel}","templated":true}]}}